{"id":125,"date":"2020-07-21T03:21:59","date_gmt":"2020-07-21T06:21:59","guid":{"rendered":"https:\/\/noticias.saludtv.com.ar\/?p=125"},"modified":"2020-07-21T03:21:59","modified_gmt":"2020-07-21T06:21:59","slug":"panama-aplica-distincion-de-genero-ante-emergencia-por-covid19","status":"publish","type":"post","link":"https:\/\/noticias.saludtv.com.ar\/?p=125","title":{"rendered":"Panam\u00e1 aplica distinci\u00f3n de g\u00e9nero ante emergencia por CoVID19"},"content":{"rendered":"\n<p><strong>Redacci\u00f3n. Quito<\/strong><br>El gobierno de Panam\u00e1 ha anunciado a trav\u00e9s de una rueda de prensa que ha dispuesto&nbsp;<strong>nuevas medidas preventivas para tratar de contener el avance del CoVID19<\/strong>&nbsp;en el pa\u00eds centroamericano.<\/p>\n\n\n\n<!--more-->\n\n\n\n<p><br>&nbsp;Las nuevas restricciones han consistido en que \u201c<strong>a partir del mi\u00e9rcoles hombres y mujeres s\u00f3lo podr\u00e1n salir de casa durante dos horas<\/strong>&nbsp;y en d\u00edas distintos\u201d, ha mencionado&nbsp;<strong>Rosario Turner<\/strong>, ministra de Salud, no obstante, hasta la fecha, la cuarentena no hac\u00eda esa distinci\u00f3n por g\u00e9nero.<br>&nbsp;<br>Seg\u00fan la disposici\u00f3n las personas de g\u00e9nero masculino podr\u00e1n salir al supermercado o la farmacia los martes, jueves y s\u00e1bado y las de g\u00e9nero femenino los lunes, mi\u00e9rcoles y viernes.&nbsp;<strong>El domingo no se permitir\u00e1 salir de casa a nadie, sin excepci\u00f3n.<\/strong><br>&nbsp;<br>Adem\u00e1s, el horario de&nbsp;<strong>las salidas seguir\u00e1 condicionado por la terminaci\u00f3n num\u00e9rica de la c\u00e9dula<\/strong>&nbsp;o el pasaporte, como ya se hab\u00eda decretado por el gobierno de Panam\u00e1, por lo que las medidas ser\u00e1n decretadas por un per\u00edodo de 15 d\u00edas.<br>&nbsp;<br>Las autoridades paname\u00f1as han denunciado a medios locales&nbsp;<strong>que una parte de la poblaci\u00f3n no acata las medidas de aislamiento anunciadas en marzo<\/strong>, por lo que el gobierno ha decidido extremarlas.<br>&nbsp;<br>Seg\u00fan&nbsp;<strong>Juan Pino<\/strong>, ministro de seguridad, ha recalcado que \u201c<strong>el pasado fin de semana fueron retenidas m\u00e1s de 2.000 personas&nbsp;<\/strong>por incumplir la cuarentena\u201d.<br>&nbsp;<br>Por lo que \u201cel mecanismo m\u00e1s sencillo para reducir a la mitad el n\u00famero de personas en la calle es&nbsp;<strong>asignar algunos d\u00edas de circulaci\u00f3n a las mujeres y algunos d\u00edas de circulaci\u00f3n para los hombres<\/strong>&#8220;, ha se\u00f1alado Pino.<\/p>\n","protected":false},"excerpt":{"rendered":"<p>Redacci\u00f3n. QuitoEl gobierno de Panam\u00e1 ha anunciado a trav\u00e9s de una rueda de prensa que ha dispuesto&nbsp;nuevas medidas preventivas para tratar de contener el avance del CoVID19&nbsp;en el pa\u00eds centroamericano.<\/p>\n","protected":false},"author":2,"featured_media":126,"comment_status":"closed","ping_status":"closed","sticky":false,"template":"","format":"standard","meta":{"footnotes":""},"categories":[7],"tags":[],"class_list":["post-125","post","type-post","status-publish","format-standard","has-post-thumbnail","hentry","category-latinoamerica"],"_links":{"self":[{"href":"https:\/\/noticias.saludtv.com.ar\/index.php?rest_route=\/wp\/v2\/posts\/125","targetHints":{"allow":["GET"]}}],"collection":[{"href":"https:\/\/noticias.saludtv.com.ar\/index.php?rest_route=\/wp\/v2\/posts"}],"about":[{"href":"https:\/\/noticias.saludtv.com.ar\/index.php?rest_route=\/wp\/v2\/types\/post"}],"author":[{"embeddable":true,"href":"https:\/\/noticias.saludtv.com.ar\/index.php?rest_route=\/wp\/v2\/users\/2"}],"replies":[{"embeddable":true,"href":"https:\/\/noticias.saludtv.com.ar\/index.php?rest_route=%2Fwp%2Fv2%2Fcomments&post=125"}],"version-history":[{"count":0,"href":"https:\/\/noticias.saludtv.com.ar\/index.php?rest_route=\/wp\/v2\/posts\/125\/revisions"}],"wp:featuredmedia":[{"embeddable":true,"href":"https:\/\/noticias.saludtv.com.ar\/index.php?rest_route=\/"}],"wp:attachment":[{"href":"https:\/\/noticias.saludtv.com.ar\/index.php?rest_route=%2Fwp%2Fv2%2Fmedia&parent=125"}],"wp:term":[{"taxonomy":"category","embeddable":true,"href":"https:\/\/noticias.saludtv.com.ar\/index.php?rest_route=%2Fwp%2Fv2%2Fcategories&post=125"},{"taxonomy":"post_tag","embeddable":true,"href":"https:\/\/noticias.saludtv.com.ar\/index.php?rest_route=%2Fwp%2Fv2%2Ftags&post=125"}],"curies":[{"name":"wp","href":"https:\/\/api.w.org\/{rel}","templated":true}]}}