{"id":128,"date":"2020-07-21T03:24:07","date_gmt":"2020-07-21T06:24:07","guid":{"rendered":"https:\/\/noticias.saludtv.com.ar\/?p=128"},"modified":"2020-07-21T03:24:07","modified_gmt":"2020-07-21T06:24:07","slug":"colombia-se-acerca-al-pico-de-contagios-por-covid19-segun-ops","status":"publish","type":"post","link":"https:\/\/noticias.saludtv.com.ar\/?p=128","title":{"rendered":"Colombia se acerca al pico de contagios por CoVID19, seg\u00fan OPS"},"content":{"rendered":"\n<p>Seg\u00fan lo ha informado la Organizaci\u00f3n de las Naciones Unidas (ONU), varios modelos de la Universidad de Washington en Estados Unidos han previsto que Colombia y Chile llegar\u00e1n al pico de contagios por CoVID19 hasta mediados de julio, mientras que\u00a0<strong>otros pa\u00edses<\/strong>\u00a0como: M\u00e9xico, Argentina, Guatemala, Panam\u00e1 y El Salvador,\u00a0<strong>lo distinguir\u00e1n en agosto<\/strong>.<\/p>\n\n\n\n<!--more-->\n\n\n\n<p><br><strong>Carissa Etienne<\/strong>, directora de la Organizaci\u00f3n Panamericana de la Salud (OPS), ha se\u00f1alado a trav\u00e9s de una conferencia de prensa que, \u201cbajo las condiciones actuales en Am\u00e9rica del Sur, pa\u00edses como\u00a0<strong>Chile y Colombia ver\u00e1n el pico de casos de aqu\u00ed a\u00a0la mitad de julio<\/strong>, mientras que Argentina, Bolivia, Brasil y Per\u00fa, lo ver\u00e1n\u00a0en alg\u00fan momento de agosto\u201d.<br><br>De acuerdo con el informe de la OPS, Colombia estar\u00eda llegando a la cima de la CoVID19, \u201c<strong>superando los 100.000 contagios<\/strong>\u201d, y siendo la primera vez que se ha anunciado con tanta seguridad sobre el momento en el que se alcanzar\u00eda el punto m\u00e1ximo de afectaciones por el nuevo virus, la organizaci\u00f3n ha enfatizado que, si el pa\u00eds mantiene el cumplimiento estricto de las medidas sanitarias podr\u00e1 iniciar el descenso de la curva epidemiol\u00f3gica.<\/p>\n\n\n\n<figure class=\"wp-block-table\"><table><tbody><tr><td><img decoding=\"async\" src=\"https:\/\/www.edicionmedica.ec\/contenido\/images\/Captura%20de%20pantalla%20%2854%29%281%29.png\"><\/td><\/tr><\/tbody><\/table><\/figure>\n\n\n\n<p>Es as\u00ed que, Colombia ha sido uno de los pa\u00edses de la regi\u00f3n de las Am\u00e9ricas con m\u00e1s de 30.000 habitantes, donde se ha mantenido el registro de los incrementos m\u00e1s pronunciados, con respecto a casos CoVID19, ya que, a diario se han visibilizado cerca de\u00a0<strong>2.500 a 4.200 casos nuevos diarios<\/strong>, donde 7 de cada 10 Unidades de Cuidado Intensivo ya han sido ocupadas, en su mayor\u00eda por enfermos de SARS COV2.<br>\u00a0<br>Asimismo, seg\u00fan datos establecidos por el Ministerio de Salud (MinSalud), Colombia pas\u00f3 de tener el \u00faltimo d\u00eda de mayo 29.373 afectaciones y 938 fallecidos por la CoVID19, a finalizar junio con 97.846 contagios y 3.322 decesos, \u201cregistrando as\u00ed un\u00a0<strong>aumento de m\u00e1s del 300 por ciento\u00a0<\/strong>en los primeros y 282 por ciento en los segundos\u201d.<br>\u00a0<br>Por ello, la OPS ha indicado que Colombia \u201c<strong>est\u00e1 viviendo desde ahora el pico de la pandemia<\/strong>\u201d, bas\u00e1ndose en las cifras de contagios y decesos diarios, que evidenciar\u00edan c\u00f3mo la curva progresivamente ha ido subiendo y la mayor realizaci\u00f3n de pruebas PCR ha permitido detectar m\u00e1s tempranamente tanto a pacientes en etapa leve o moderada como a los asintom\u00e1ticos.<\/p>\n\n\n\n<p><strong>Con respecto a las medidas preventivas<\/strong><br>\u00a0<br>El ministro de Salud,\u00a0<strong>Fernando Ru\u00edz<\/strong>, ha estipulado que el MinSalud dise\u00f1\u00f3\u00a0<strong>diversas estrategias con instancias e instrumentos de seguimiento\u00a0<\/strong>y evaluaci\u00f3n sobre el comportamiento de la pandemia, &#8220;esta estrategia de aislamiento preventivo obligatorio tuvo dos objetivos esenciales: contener el contagio y construir capacidades en el sistema de salud&#8221;.<br>\u00a0<br>De igual forma, el ministro ha esclarecido que esta medida ha tenido una evoluci\u00f3n importante, \u201cpasando a una segunda fase\u00a0<strong>de aislamiento flexible con desescalonamiento gradual<\/strong>\u201d, con el fin de reducir el impacto en la Salud y la velocidad del contagio, as\u00ed como tambi\u00e9n la mitigaci\u00f3n de efectos sociales y econ\u00f3micos.<br>\u00a0<br>Seg\u00fan el MinSalud, Colombia ha tenido un comportamiento aplanado de 1,803.53 casos por mill\u00f3n de habitantes, muy por debajo de pa\u00edses de la regi\u00f3n como Chile (14,227.82), Brasil (6,323.61) o Ecuador (3,131.83). Con respecto a muertes por mill\u00f3n de habitantes\u00a0<strong>Colombia se ha ubicado en 3,106 por debajo de M\u00e9xico<\/strong>\u00a0(26,648), Chile (5,509) o Ecuador (4,429), seg\u00fan fuentes de la Universidad de Oxford con corte al 29 de junio.<br>\u00a0<br><strong>El dato<\/strong><br>\u00a0<br>Etienne ha manifestado que la regi\u00f3n est\u00e1\u00a0\u201cen medio del fuego\u201d\u00a0<strong>y todos los pa\u00edses tendr\u00e1n que prepararse para\u00a0<\/strong>\u201c<strong>al menos otros 3 meses de casos<\/strong>, por lo que ser\u00e1 necesario tomar y actualizar decisiones considerando las condiciones de salud, as\u00ed como las econ\u00f3mica\u201d, con el fin de minimizar el impacto de la pandemia, especialmente de aquellos que viven del trabajo informal. No obstante, el riguroso seguimiento de las autoridades sanitarias en Colombia junto a la OPS, ha sido el aliciente para la declaratoria efectuada por Etienne, quien manifest\u00f3 que Colombia ya estar\u00eda viviendo los 2 per\u00edodos de incubaci\u00f3n del virus (24 d\u00edas).<br>\u00a0<\/p>\n","protected":false},"excerpt":{"rendered":"<p>Seg\u00fan lo ha informado la Organizaci\u00f3n de las Naciones Unidas (ONU), varios modelos de la Universidad de Washington en Estados Unidos han previsto que Colombia y Chile llegar\u00e1n al pico de contagios por CoVID19 hasta mediados de julio, mientras que\u00a0otros pa\u00edses\u00a0como: M\u00e9xico, Argentina, Guatemala, Panam\u00e1 y El Salvador,\u00a0lo distinguir\u00e1n en agosto.<\/p>\n","protected":false},"author":2,"featured_media":129,"comment_status":"closed","ping_status":"closed","sticky":false,"template":"","format":"standard","meta":{"footnotes":""},"categories":[7],"tags":[],"class_list":["post-128","post","type-post","status-publish","format-standard","has-post-thumbnail","hentry","category-latinoamerica"],"_links":{"self":[{"href":"https:\/\/noticias.saludtv.com.ar\/index.php?rest_route=\/wp\/v2\/posts\/128","targetHints":{"allow":["GET"]}}],"collection":[{"href":"https:\/\/noticias.saludtv.com.ar\/index.php?rest_route=\/wp\/v2\/posts"}],"about":[{"href":"https:\/\/noticias.saludtv.com.ar\/index.php?rest_route=\/wp\/v2\/types\/post"}],"author":[{"embeddable":true,"href":"https:\/\/noticias.saludtv.com.ar\/index.php?rest_route=\/wp\/v2\/users\/2"}],"replies":[{"embeddable":true,"href":"https:\/\/noticias.saludtv.com.ar\/index.php?rest_route=%2Fwp%2Fv2%2Fcomments&post=128"}],"version-history":[{"count":0,"href":"https:\/\/noticias.saludtv.com.ar\/index.php?rest_route=\/wp\/v2\/posts\/128\/revisions"}],"wp:featuredmedia":[{"embeddable":true,"href":"https:\/\/noticias.saludtv.com.ar\/index.php?rest_route=\/"}],"wp:attachment":[{"href":"https:\/\/noticias.saludtv.com.ar\/index.php?rest_route=%2Fwp%2Fv2%2Fmedia&parent=128"}],"wp:term":[{"taxonomy":"category","embeddable":true,"href":"https:\/\/noticias.saludtv.com.ar\/index.php?rest_route=%2Fwp%2Fv2%2Fcategories&post=128"},{"taxonomy":"post_tag","embeddable":true,"href":"https:\/\/noticias.saludtv.com.ar\/index.php?rest_route=%2Fwp%2Fv2%2Ftags&post=128"}],"curies":[{"name":"wp","href":"https:\/\/api.w.org\/{rel}","templated":true}]}}