{"id":158,"date":"2020-07-21T11:19:33","date_gmt":"2020-07-21T14:19:33","guid":{"rendered":"https:\/\/noticias.saludtv.com.ar\/?p=158"},"modified":"2020-07-21T11:19:33","modified_gmt":"2020-07-21T14:19:33","slug":"dos-vacunas-para-proteger-a-las-embarazadas-y-a-sus-bebes-en-la-amazonia-peruana","status":"publish","type":"post","link":"https:\/\/noticias.saludtv.com.ar\/?p=158","title":{"rendered":"Dos vacunas para proteger a las embarazadas y a sus beb\u00e9s en la Amazon\u00eda peruana"},"content":{"rendered":"\n<p>Esta historia refleja la situaci\u00f3n en Per\u00fa&nbsp;en diciembre del 2019.<\/p>\n\n\n\n<p>Durante el embarazo, madres e hijos lo comparten todo, incluso los anticuerpos que se crean tras vacunarse contra el t\u00e9tanos, la tos ferina y la difteria, y contra la influenza.<\/p>\n\n\n\n<!--more-->\n\n\n\n<p>Es una ma\u00f1ana h\u00fameda y caliente en Maynas, en la Amazon\u00eda peruana. La enfermera Nancy y su equipo de enfermeras del Centro de Salud Progreso del Distrito de San Juan, en Loreto, se preparan para recorrer las calles de la comunidad.<\/p>\n\n\n\n<p>Desde 2017, Per\u00fa ha tenido un incremento de casos de tos ferina, especialmente en menores de un a\u00f1o, y el Departamento de Loreto tiene la mayor cantidad de casos a nivel nacional.<\/p>\n\n\n\n<p>Ante este incremento, el Ministerio de Salud de Per\u00fa,&nbsp;junto con la Organizaci\u00f3n Panamericana de la Salud (OPS), analizaron la situaci\u00f3n epidemiol\u00f3gica y las recomendaciones sobre la vacunaci\u00f3n de las embarazadas. En 2019, el Ministerio de Salud introdujo la vacuna Tdap para embarazadas con el fin de protegerlas de la tos ferina y as\u00ed pasarles los anticuerpos a sus beb\u00e9s. Sus beb\u00e9s estar\u00e1n protegidos durante las primeras semanas de vida, cuando a\u00fan son muy peque\u00f1os para iniciar su propia vacunaci\u00f3n.<\/p>\n\n\n\n<p>Una sola dosis de esta vacuna administrada a las gestantes durante el segundo o tercer trimestre de cada embarazo protege a las mam\u00e1s y a sus beb\u00e9s al nacer en su etapa m\u00e1s vulnerable, contribuyendo as\u00ed a la reducci\u00f3n de enfermedades y muertes en los ni\u00f1os y ni\u00f1as menores de un a\u00f1o.<\/p>\n\n\n\n<p>Una dosis de la vacuna contra la influenza, administrada en cualquier trimestre del embarazo, protege a la madre y al reci\u00e9n nacido hasta los seis meses de edad, que es cuando empieza la propia vacunaci\u00f3n contra influenza del beb\u00e9.<\/p>\n\n\n\n<hr class=\"wp-block-separator\"\/>\n\n\n\n<p><img loading=\"lazy\" decoding=\"async\" width=\"1400\" height=\"1000\" src=\"https:\/\/www.paho.org\/sites\/default\/files\/sva-2020-vacunadora-4.jpg\" alt=\"Vacunadora\"><\/p>\n\n\n\n<p>Laurinda es enfermera y tambi\u00e9n saldr\u00e1 a vacunar. Laurinda se asegura que la cadena de fr\u00edo, para conservar las vacunas, est\u00e9 garantizada. Cada d\u00eda, aplica rigurosamente el procedimiento de conservaci\u00f3n, manejo de las vacunas y prepara los termos con las vacunas que los equipos aplicar\u00e1n casa por casa.<\/p>\n\n\n\n<p>Antes de salir, vacuna a su colega\u00a0Salvi Karen contra la tos ferina, el t\u00e9tanos y la influenza. Ambas salen a recorrer el vecindario y vacunar a las embarazadas, junto al equipo.<\/p>\n\n\n\n<p>Las vacunadoras llegan a casa de Manuela, en el barrio Progreso, quien las recibe junto con su mam\u00e1, Marisa. Manuela ha asistido a todas sus consultas prenatales, pero no se le hab\u00eda administrado a\u00fan la vacuna Tdap ni la de la influenza.&nbsp;<\/p>\n\n\n\n<p>Las trabajadoras de la salud alertan a Manuela que hay un brote de tos ferina en el \u00e1rea y que al vacunarse ella, tambi\u00e9n proteger\u00e1 a su beb\u00e9 durante alg\u00fan tiempo tras el nacimiento; es decir, \u00a1dos por uno!&nbsp;<\/p>\n\n\n\n<p>Marisa, la mam\u00e1 de Manuela, est\u00e1 emocionada con la llegada del beb\u00e9. Felicita y agradece a todo el equipo por acercarse a la casa a vacunar a su hija y proteger as\u00ed a su futuro nieto. Como ella dice, \u201c\u00a1Todos ganan!\u201d<\/p>\n\n\n\n<p>La distribuci\u00f3n de la vacuna es un reto en la Amazon\u00eda debido a su geograf\u00eda bastante accidentada \u2014selva densa virgen\u2014 clima tropical con constantes lluvias, y las largas distancias entre los establecimientos de salud y las comunidades.<img loading=\"lazy\" decoding=\"async\" src=\"https:\/\/www.paho.org\/sites\/default\/files\/amazon-view.jpg\" width=\"1400\" height=\"770\" alt=\"Amazon view\"><\/p>\n\n\n\n<p>Por esta y otras razones, el Ministerio de Salud de Per\u00fa hace esfuerzos importantes para alcanzar las coberturas de vacunaci\u00f3n en estas comunidades y satisfacer las necesidades de salud de la poblaci\u00f3n en el primer nivel de atenci\u00f3n \u2014en un lugar fijo, como un centro de salud, o m\u00f3vil\u2014 con \u00e9nfasis en la promoci\u00f3n de la salud, la prevenci\u00f3n de los riesgos y da\u00f1os, fomentando la participaci\u00f3n ciudadana.<\/p>\n\n\n\n<p>En 2018, el 46% de las embarazadas en Per\u00fa se vacunaron contra el t\u00e9tanos, la difteria y la tos ferina, y el 38% lo hicieron contra la influenza.<\/p>\n\n\n\n<p>Con el apoyo del Ministerio de Salud de Per\u00fa y gracias al compromiso de trabajadores de salud de la Regi\u00f3n, como Nancy, Laurinda, Salvit Karen y todo el equipo del Centro de Salud Progreso, m\u00e1s mujeres han sido protegidas, as\u00ed como sus beb\u00e9s.<\/p>\n\n\n\n<p>Alcanzar altas coberturas de vacunaci\u00f3n en gestantes depende de la coordinaci\u00f3n entre los equipos de salud materna, control prenatal e inmunizaciones, con el apoyo log\u00edstico y operativo de los servicios de salud&nbsp;\u00a1Ellos son los superh\u00e9roes de la vacunaci\u00f3n!&nbsp;<\/p>\n","protected":false},"excerpt":{"rendered":"<p>Esta historia refleja la situaci\u00f3n en Per\u00fa&nbsp;en diciembre del 2019. Durante el embarazo, madres e hijos lo comparten todo, incluso los anticuerpos que se crean tras vacunarse contra el t\u00e9tanos, la tos ferina y la difteria, y contra la influenza.<\/p>\n","protected":false},"author":3,"featured_media":159,"comment_status":"closed","ping_status":"closed","sticky":false,"template":"","format":"standard","meta":{"footnotes":""},"categories":[7,13],"tags":[],"class_list":["post-158","post","type-post","status-publish","format-standard","has-post-thumbnail","hentry","category-latinoamerica","category-salud-materna"],"_links":{"self":[{"href":"https:\/\/noticias.saludtv.com.ar\/index.php?rest_route=\/wp\/v2\/posts\/158","targetHints":{"allow":["GET"]}}],"collection":[{"href":"https:\/\/noticias.saludtv.com.ar\/index.php?rest_route=\/wp\/v2\/posts"}],"about":[{"href":"https:\/\/noticias.saludtv.com.ar\/index.php?rest_route=\/wp\/v2\/types\/post"}],"author":[{"embeddable":true,"href":"https:\/\/noticias.saludtv.com.ar\/index.php?rest_route=\/wp\/v2\/users\/3"}],"replies":[{"embeddable":true,"href":"https:\/\/noticias.saludtv.com.ar\/index.php?rest_route=%2Fwp%2Fv2%2Fcomments&post=158"}],"version-history":[{"count":0,"href":"https:\/\/noticias.saludtv.com.ar\/index.php?rest_route=\/wp\/v2\/posts\/158\/revisions"}],"wp:featuredmedia":[{"embeddable":true,"href":"https:\/\/noticias.saludtv.com.ar\/index.php?rest_route=\/"}],"wp:attachment":[{"href":"https:\/\/noticias.saludtv.com.ar\/index.php?rest_route=%2Fwp%2Fv2%2Fmedia&parent=158"}],"wp:term":[{"taxonomy":"category","embeddable":true,"href":"https:\/\/noticias.saludtv.com.ar\/index.php?rest_route=%2Fwp%2Fv2%2Fcategories&post=158"},{"taxonomy":"post_tag","embeddable":true,"href":"https:\/\/noticias.saludtv.com.ar\/index.php?rest_route=%2Fwp%2Fv2%2Ftags&post=158"}],"curies":[{"name":"wp","href":"https:\/\/api.w.org\/{rel}","templated":true}]}}