{"id":164,"date":"2020-07-21T11:26:34","date_gmt":"2020-07-21T14:26:34","guid":{"rendered":"https:\/\/noticias.saludtv.com.ar\/?p=164"},"modified":"2020-07-21T11:26:34","modified_gmt":"2020-07-21T14:26:34","slug":"las-matronas-piden-un-cribado-universal-de-las-gestantes-ante-el-covid-19","status":"publish","type":"post","link":"https:\/\/noticias.saludtv.com.ar\/?p=164","title":{"rendered":"Las matronas piden un cribado universal de las gestantes ante el covid-19"},"content":{"rendered":"\n<p>Los virus similares de 2003 y 2013 tuvieron consecuencias en los beb\u00e9s<\/p>\n\n\n\n<p>Debido al desconocimiento que existe sobre el efecto de la infecci\u00f3n por SARS-CoV-2 en el feto en el primer o segundo trimestre o en pacientes con infecci\u00f3n moderada a grave,\u00a0<strong>Noelia Rodr\u00edguez<\/strong>, matrona del\u00a0<strong>Hospital Vinalop\u00f3 de Elche<\/strong>\u00a0<strong>profesora de Enfermer\u00eda en la Universidad CEU Cardenal Herrera<\/strong>, reclama, junto a un grupo de matrones y matronas de diversos centros hospitalarios de Espa\u00f1a, que se realice un\u00a0<strong>cribado universal a todas las gestantes<\/strong>\u00a0con el fin de tomar medidas preventivas maternidades-fetales.<\/p>\n\n\n\n<!--more-->\n\n\n\n<p>&#8220;La infecci\u00f3n durante el embarazo por otros coronavirus como\u00a0<strong>SARS<\/strong>\u00a0en los casos del 2003 y\u00a0<strong>MERS<\/strong>, diez a\u00f1os despu\u00e9s,\u00a0<strong>caus\u00f3 parto prematuro<\/strong>,\u00a0<strong>restricci\u00f3n del crecimiento intrauterino, muerte intrauterina y muerte neonatal.<\/strong>\u00a0Considerando el potencial del SARS-CoV-2,\u00a0<strong>se necesitan pruebas de detecci\u00f3n de casos sospechosos durante el embarazo<\/strong>\u00a0y un\u00a0<strong>seguimiento a largo plazo de las madres confirmadas<\/strong>\u00a0y sus reci\u00e9n nacidos&#8221;, asegura esta experta.<\/p>\n\n\n\n<p>Noelia Rodr\u00edguez afirma que&nbsp;<strong>en la actual situaci\u00f3n de pandemia, las mujeres gestantes son un grupo de poblaci\u00f3n vulnerable<\/strong>, que precisa de evidencia cient\u00edfica para la confecci\u00f3n de procedimientos de actuaci\u00f3n dirigidos a los profesionales de urgencias, del \u00e1mbito hospitalario y de la atenci\u00f3n primaria.<\/p>\n\n\n\n<p>&#8220;Lo que conocemos hasta la fecha es que, pese a que no presentan mayor riesgo de infecci\u00f3n que el resto de las mujeres, s\u00ed lo tienen de padecer complicaciones como en otras infecciones respiratorias ya conocidas. La evidencia que aportan las otras infecciones de coronavirus anteriormente citados, son una fuente para comparar y conocer m\u00e1s sobre este nuevo coronavirus. El an\u00e1lisis de los casos y experiencias cl\u00ednicas anteriores nos ayudar\u00e1 a conocer m\u00e1s pronto la sintomatolog\u00eda m\u00e1s caracter\u00edstica, las posibles complicaciones y los cuidados en el periodo perinatal&#8221;, recalca esta especialista.<\/p>\n\n\n\n<p>Rodr\u00edguez ha puesto en marcha junto a otras 24 profesionales de todas las \u00e1reas de Salud de la provincia de Alicante la web &#8220;<strong>Consultas de Maternidad Solidaria<\/strong>&#8220;, que presta asistencia online tanto a mujeres que est\u00e9n embarazadas como a las que acaban de ser madres en plena pandemia.<\/p>\n","protected":false},"excerpt":{"rendered":"<p>Los virus similares de 2003 y 2013 tuvieron consecuencias en los beb\u00e9s Debido al desconocimiento que existe sobre el efecto de la infecci\u00f3n por SARS-CoV-2 en el feto en el primer o segundo trimestre o en pacientes con infecci\u00f3n moderada a grave,\u00a0Noelia Rodr\u00edguez, matrona del\u00a0Hospital Vinalop\u00f3 de Elche\u00a0profesora de Enfermer\u00eda en la Universidad CEU Cardenal [&hellip;]<\/p>\n","protected":false},"author":3,"featured_media":165,"comment_status":"closed","ping_status":"closed","sticky":false,"template":"","format":"standard","meta":{"footnotes":""},"categories":[6,13],"tags":[],"class_list":["post-164","post","type-post","status-publish","format-standard","has-post-thumbnail","hentry","category-internacional","category-salud-materna"],"_links":{"self":[{"href":"https:\/\/noticias.saludtv.com.ar\/index.php?rest_route=\/wp\/v2\/posts\/164","targetHints":{"allow":["GET"]}}],"collection":[{"href":"https:\/\/noticias.saludtv.com.ar\/index.php?rest_route=\/wp\/v2\/posts"}],"about":[{"href":"https:\/\/noticias.saludtv.com.ar\/index.php?rest_route=\/wp\/v2\/types\/post"}],"author":[{"embeddable":true,"href":"https:\/\/noticias.saludtv.com.ar\/index.php?rest_route=\/wp\/v2\/users\/3"}],"replies":[{"embeddable":true,"href":"https:\/\/noticias.saludtv.com.ar\/index.php?rest_route=%2Fwp%2Fv2%2Fcomments&post=164"}],"version-history":[{"count":0,"href":"https:\/\/noticias.saludtv.com.ar\/index.php?rest_route=\/wp\/v2\/posts\/164\/revisions"}],"wp:featuredmedia":[{"embeddable":true,"href":"https:\/\/noticias.saludtv.com.ar\/index.php?rest_route=\/"}],"wp:attachment":[{"href":"https:\/\/noticias.saludtv.com.ar\/index.php?rest_route=%2Fwp%2Fv2%2Fmedia&parent=164"}],"wp:term":[{"taxonomy":"category","embeddable":true,"href":"https:\/\/noticias.saludtv.com.ar\/index.php?rest_route=%2Fwp%2Fv2%2Fcategories&post=164"},{"taxonomy":"post_tag","embeddable":true,"href":"https:\/\/noticias.saludtv.com.ar\/index.php?rest_route=%2Fwp%2Fv2%2Ftags&post=164"}],"curies":[{"name":"wp","href":"https:\/\/api.w.org\/{rel}","templated":true}]}}