{"id":179,"date":"2020-07-21T11:46:26","date_gmt":"2020-07-21T14:46:26","guid":{"rendered":"https:\/\/noticias.saludtv.com.ar\/?p=179"},"modified":"2020-07-21T11:46:26","modified_gmt":"2020-07-21T14:46:26","slug":"coronavirus-en-la-argentina-los-adolescentes-y-el-sindrome-del-pijama-comodidad-o-expresion-de-angustia","status":"publish","type":"post","link":"https:\/\/noticias.saludtv.com.ar\/?p=179","title":{"rendered":"Coronavirus en la Argentina. Los adolescentes y el s\u00edndrome del pijama: \u00bfcomodidad o expresi\u00f3n de angustia?"},"content":{"rendered":"\n<p>Entre que trasnochan m\u00e1s de lo habitual y no tienen horarios por la disrupci\u00f3n de la vida cotidiana que impuso la cuarentena, los adolescentes se la pasan todo el d\u00eda vestidos de forma tal que no se sabe si se van a dormir o se acaban de despertar. <\/p>\n\n\n\n<!--more-->\n\n\n\n<p>Lo que podr\u00eda denominarse el s\u00edndrome del pijama.\u00a0<strong>&#8220;Est\u00e1 todo el d\u00eda con la misma ropa. Se levanta y se va dormir igual.<\/strong>\u00a0Mateo pasa de la cama al sill\u00f3n del living y del sill\u00f3n del living a la silla del comedor diario para jugar a la play. Esos son sus movimientos en la casa. Despu\u00e9s del primer mes de cuarentena hab\u00edamos logrado acomodar un poco las rutinas y las actividades, pero desde hace algunas semanas todo se volvi\u00f3 a descontrolar.\u00a0<strong>Se acuesta de madrugada y almuerza a las 5 de la tarde,<\/strong>\u00a0y le cuesta cada vez m\u00e1s responder a las tareas del colegio&#8221;, confiesa Luciana Armada, que adem\u00e1s de Mateo, que est\u00e1 en 3\u00b0 a\u00f1o del secundario, es madre de Nicol\u00e1s, que estudia Econom\u00eda en la UBA, y de Catalina, que tiene 13 a\u00f1os.<\/p>\n\n\n\n<p>&#8220;Resistieron gracias al entrenamiento que tienen para circular navegando por la virtualidad, pero con las reiteradas postergaciones de la cuarentena las reservas adolescentes ya no son las mismas. Los humores se irritaron, la ansiedad creci\u00f3 y se sintomatiz\u00f3. La potencia adolescente pide ox\u00edgeno, y con la mirada de los padres h\u00edperpresentes, con su afecto, sus presiones, reclamos y quejas, los chicos ya no saben d\u00f3nde esconderse; y los padres tampoco&#8221;, reflexiona la psicoanalista Susana Kuras Mauer, especialista en ni\u00f1ez y adolescencia.<\/p>\n\n\n\n<p><strong>&#8220;Este encierro me tir\u00f3 para abajo&#8221;. &#8220;Lloro por todo&#8221;. &#8220;Mi vida est\u00e1 en pausa&#8221;.<\/strong>\u00a0Las frases est\u00e1n apuntadas en una libreta de Kuras Mauer, y son de algunos de sus pacientes, que tienen entre 12 y 17 a\u00f1os.<\/p>\n\n\n\n<p>Soledad Arellano es la madre de Bianca, que est\u00e1 en s\u00e9ptimo grado, y hace una semana descubri\u00f3 que su hija lloraba todas las noches. &#8220;Me qued\u00e9 helada cuando me enter\u00e9. Cada vez que alguien me preguntaba c\u00f3mo estaba llevando Bianca todo esto yo respond\u00eda que&nbsp;<em>&#8216;bastante bien a pesar de todo&#8217;<\/em>. Me sent\u00e9 a charlar con ella y me dijo que no sab\u00eda bien por qu\u00e9 lloraba, pero que sent\u00eda que se estaba quedando sin amigos. Siempre dicen que los adolescentes son los que mejor la pueden pilotear porque est\u00e1n acostumbrados a conectarse por las redes sociales, pero hay muchos que ya est\u00e1n hartos de las videollamadas y los zoom. Bianca les tiene fobia. Tambi\u00e9n me dijo que a la mayor\u00eda de sus amigas le pasaba lo mismo&#8221;, revela Arellano.<\/p>\n\n\n\n<h2 class=\"wp-block-heading\" id=\"mami-me-duele-aca\">&#8220;Mami, me duele ac\u00e1&#8221;<\/h2>\n\n\n\n<p>Los especialistas explican que los cambios de humor repentino, el llanto aparentemente sin motivos o el ensimismamiento exacerbado son algunos de los modos de presentaci\u00f3n del \u00e1nimo adolescente en cuarentena. Otros est\u00e1n desmotivados, echados gran parte del d\u00eda y sin fuerza. &#8220;La sintomatizaci\u00f3n silenciosa de los adolescentes tiene efectos ps\u00edquicos de desestabilizaci\u00f3n que no debemos desestimar.<strong>&nbsp;El cuerpo mismo es el blanco donde \u00faltimamente se manifiestan alergias, dolores poco reconocibles,&nbsp;<\/strong>bruxismo, ansiedades hipocondr\u00edacas con las que imaginan estar gravemente enfermos&#8221;, se\u00f1ala Kuras Mauer.<\/p>\n\n\n\n<p>Y refuerza: &#8220;El cuerpo en la adolescencia necesita estar investido libidinalmente para estar saludable, con experiencias de encuentro afectivo, de placer, de ternura, de seducci\u00f3n, que hoy se ven amenazadas por barbijos que no solo los protegen, tambi\u00e9n tapan, callan y anestesian&#8221;.<\/p>\n\n\n\n<figure class=\"wp-block-image\"><img decoding=\"async\" src=\"https:\/\/bucket2.glanacion.com\/anexos\/fotos\/15\/3312215w380.jpg\" alt=\"Para algunos especialistas los adolescentes est\u00e1n viviendo lo que ella denomina la cuarentena de la cuarentena: meterse muy para adentro, y aislarse del resto de su familia dentro de su propia casa\"\/><figcaption>Para algunos especialistas los adolescentes est\u00e1n viviendo lo que ella denomina la cuarentena de la cuarentena: meterse muy para adentro, y aislarse del resto de su familia dentro de su propia casa&nbsp;Cr\u00e9dito: Shutterstock<\/figcaption><\/figure>\n\n\n\n<p>La semana pasada, Constanza Brass<strong>&nbsp;llev\u00f3 a su hija de 15 a\u00f1os a la guardia porque ella estaba convencida de que ten\u00eda apendicitis,<\/strong>&nbsp;aunque todas las noches dec\u00eda que le dol\u00eda en un lugar distinto. &#8220;Mami me duele ac\u00e1, y ac\u00e1 tambi\u00e9n. Primero era la ingle derecha, despu\u00e9s la panza, un poco m\u00e1s arriba. Al otro d\u00eda le dol\u00eda del lado izquierdo. Yo estaba segura de que no ten\u00eda nada, pero estaba dolorida y preocupada, y finalmente la charla con la m\u00e9dica la tranquiliz\u00f3&#8221;, cuenta Brass.<\/p>\n\n\n\n<h2 class=\"wp-block-heading\" id=\"habitaciones-convertidas-en-trincheras\">Habitaciones convertidas en trincheras<\/h2>\n\n\n\n<p>En la casa de los Echevarr\u00eda, las habitaciones de los chicos se convirtieron en trincheras. Cada uno encerrado en su cuarto. Todo el d\u00eda. &#8220;El m\u00e1s grande cierra la puerta, el menor la deja abierta, pero no salen de ah\u00ed m\u00e1s que para ir al ba\u00f1o y comer.\u00a0Juegan a la play, chatean, tienen las clases por zoom. Todo el tiempo est\u00e1n encerrados entre cuatro paredes\u00a0-cuenta Carla, madre de Pedro y Lolo-. Ninguno de los dos usa pijama, pero siempre est\u00e1n con el mismo jogging. Lo tienen tatuado&#8221;.<\/p>\n\n\n\n<p>Para la psic\u00f3loga Ileana Berman, especialista en crianza y familia, los adolescentes est\u00e1n viviendo lo que ella denomina la cuarentena de la cuarentena.<strong>\u00a0&#8220;Se meten muy para adentro, y se a\u00edslan del resto de su familia dentro de su propia casa.\u00a0<\/strong>La adolescencia es una etapa de relaci\u00f3n con los pares, de otros que tengan un mismo c\u00f3digo. Lo \u00fanico que quieren es irse de su casa y ahora est\u00e1n atrapados. Hay muchos chicos que hoy no quieren salir de su cuarto, y padres que est\u00e1n asustados. Las consultas son permanentes, no saben qu\u00e9 hacer; si hay que dejarlos, si conviene obligarlos a levantarse m\u00e1s temprano, o que se vistan y se saquen el pijama. Lo importante es estar atentos y saber si se est\u00e1n relacionando con otros, qu\u00e9 sucede en ese tiempo durante la madrugada en el que se quedan despiertos, por ejemplo. Si uno pasa y los escucha jugando en red o hablando con amigos es un buen indicio. Si los padres notan que cada vez est\u00e1n m\u00e1s desganados, echados todo el d\u00eda y sin hablar con nadie es un signo de alerta. Pueden ser s\u00edntomas de una depresi\u00f3n solapada, relacionada tal vez con el contexto pandemia, o puede haber algo m\u00e1s&#8221;.<\/p>\n\n\n\n<p>Juan Eduardo Tesone es m\u00e9dico psiquiatra y docente de gran trayectoria en la Universidad de Par\u00eds XII, y cree que es importante respetar esa actitud de repliegue. &#8220;En este momento es esperable que la necesidad de vivir a contra turno del resto de los habitantes de la casa se intensifique.&nbsp;<strong>Ser\u00eda ut\u00f3pico exigir que la familia funcione sin roces.<\/strong>&nbsp;En s\u00ed mismo no es inconveniente mayor, al menos que esta alteraci\u00f3n de los ciclos revele otro tipo de conflicto m\u00e1s profundo, que sea una expresi\u00f3n de angustia intensa o comportamiento depresivo&#8221;.<\/p>\n","protected":false},"excerpt":{"rendered":"<p>Entre que trasnochan m\u00e1s de lo habitual y no tienen horarios por la disrupci\u00f3n de la vida cotidiana que impuso la cuarentena, los adolescentes se la pasan todo el d\u00eda vestidos de forma tal que no se sabe si se van a dormir o se acaban de despertar.<\/p>\n","protected":false},"author":3,"featured_media":180,"comment_status":"closed","ping_status":"closed","sticky":false,"template":"","format":"standard","meta":{"footnotes":""},"categories":[8,10],"tags":[],"class_list":["post-179","post","type-post","status-publish","format-standard","has-post-thumbnail","hentry","category-nacional","category-salud-de-los-adolescentes"],"_links":{"self":[{"href":"https:\/\/noticias.saludtv.com.ar\/index.php?rest_route=\/wp\/v2\/posts\/179","targetHints":{"allow":["GET"]}}],"collection":[{"href":"https:\/\/noticias.saludtv.com.ar\/index.php?rest_route=\/wp\/v2\/posts"}],"about":[{"href":"https:\/\/noticias.saludtv.com.ar\/index.php?rest_route=\/wp\/v2\/types\/post"}],"author":[{"embeddable":true,"href":"https:\/\/noticias.saludtv.com.ar\/index.php?rest_route=\/wp\/v2\/users\/3"}],"replies":[{"embeddable":true,"href":"https:\/\/noticias.saludtv.com.ar\/index.php?rest_route=%2Fwp%2Fv2%2Fcomments&post=179"}],"version-history":[{"count":0,"href":"https:\/\/noticias.saludtv.com.ar\/index.php?rest_route=\/wp\/v2\/posts\/179\/revisions"}],"wp:featuredmedia":[{"embeddable":true,"href":"https:\/\/noticias.saludtv.com.ar\/index.php?rest_route=\/"}],"wp:attachment":[{"href":"https:\/\/noticias.saludtv.com.ar\/index.php?rest_route=%2Fwp%2Fv2%2Fmedia&parent=179"}],"wp:term":[{"taxonomy":"category","embeddable":true,"href":"https:\/\/noticias.saludtv.com.ar\/index.php?rest_route=%2Fwp%2Fv2%2Fcategories&post=179"},{"taxonomy":"post_tag","embeddable":true,"href":"https:\/\/noticias.saludtv.com.ar\/index.php?rest_route=%2Fwp%2Fv2%2Ftags&post=179"}],"curies":[{"name":"wp","href":"https:\/\/api.w.org\/{rel}","templated":true}]}}