{"id":182,"date":"2020-07-21T12:09:54","date_gmt":"2020-07-21T15:09:54","guid":{"rendered":"https:\/\/noticias.saludtv.com.ar\/?p=182"},"modified":"2020-07-21T12:09:54","modified_gmt":"2020-07-21T15:09:54","slug":"salud-y-seguridad-en-el-trabajo-de-los-trabajadores-de-edad-avanzada-una-prioridad-para-todos","status":"publish","type":"post","link":"https:\/\/noticias.saludtv.com.ar\/?p=182","title":{"rendered":"Salud y seguridad en el trabajo de los trabajadores de edad avanzada: una prioridad para todos"},"content":{"rendered":"\n<p>El desaf\u00edo de una fuerza laboral envejecida y en disminuci\u00f3n no es nuevo en Europa: para 2030, se espera que los trabajadores de entre 55 y 64 a\u00f1os representen el 30% o m\u00e1s de la mano de obra. Mientras tanto, muchos trabajadores abandonan el mercado laboral mucho antes de alcanzar la edad de jubilaci\u00f3n.<\/p>\n\n\n\n<!--more-->\n\n\n\n<p>Las soluciones sostenibles para garantizar condiciones seguras, saludables y justas desde el comienzo de la vida laboral de una persona son la clave para detener este proceso negativo y mejorar la productividad a largo plazo.<\/p>\n\n\n\n<p>Para apoyar el desarrollo de pol\u00edticas en esta importante \u00e1rea,\u00a0un\u00a0proyecto\u00a0desplegado por EU-OSHA hace algunos a\u00f1os brind\u00f3 una gran cantidad de an\u00e1lisis de pol\u00edticas e iniciativas sobre el envejecimiento de los trabajadores en toda Europa.<\/p>\n\n\n\n<p>Obtenga m\u00e1s informaci\u00f3n sobre la forma en que los pa\u00edses europeos enfrentan los desaf\u00edos de seguridad y salud en el trabajo explorando nuestra&nbsp;<a href=\"https:\/\/visualisation.osha.europa.eu\/ageing-and-osh#!\/\" target=\"_blank\" rel=\"noreferrer noopener\">herramienta de visualizaci\u00f3n de datos sobre envejecimiento y SST&nbsp;<\/a>&nbsp;publicada en 2017.<\/p>\n\n\n\n<p>Ay\u00fadenos a promover pr\u00e1cticas laborales saludables para todas las edades: use y comparta recursos pr\u00e1cticos presentados a trav\u00e9s de la&nbsp;<a href=\"https:\/\/healthy-workplaces.eu\/es\/previous-campaigns\/all-ages-2016-17\" target=\"_blank\" rel=\"noreferrer noopener\">campa\u00f1a 2016-17, Lugares de trabajo saludables para todas las edades&nbsp;<\/a><\/p>\n","protected":false},"excerpt":{"rendered":"<p>El desaf\u00edo de una fuerza laboral envejecida y en disminuci\u00f3n no es nuevo en Europa: para 2030, se espera que los trabajadores de entre 55 y 64 a\u00f1os representen el 30% o m\u00e1s de la mano de obra. Mientras tanto, muchos trabajadores abandonan el mercado laboral mucho antes de alcanzar la edad de jubilaci\u00f3n.<\/p>\n","protected":false},"author":3,"featured_media":183,"comment_status":"closed","ping_status":"closed","sticky":false,"template":"","format":"standard","meta":{"footnotes":""},"categories":[5],"tags":[],"class_list":["post-182","post","type-post","status-publish","format-standard","has-post-thumbnail","hentry","category-el-trabajo-en-la-salud"],"_links":{"self":[{"href":"https:\/\/noticias.saludtv.com.ar\/index.php?rest_route=\/wp\/v2\/posts\/182","targetHints":{"allow":["GET"]}}],"collection":[{"href":"https:\/\/noticias.saludtv.com.ar\/index.php?rest_route=\/wp\/v2\/posts"}],"about":[{"href":"https:\/\/noticias.saludtv.com.ar\/index.php?rest_route=\/wp\/v2\/types\/post"}],"author":[{"embeddable":true,"href":"https:\/\/noticias.saludtv.com.ar\/index.php?rest_route=\/wp\/v2\/users\/3"}],"replies":[{"embeddable":true,"href":"https:\/\/noticias.saludtv.com.ar\/index.php?rest_route=%2Fwp%2Fv2%2Fcomments&post=182"}],"version-history":[{"count":0,"href":"https:\/\/noticias.saludtv.com.ar\/index.php?rest_route=\/wp\/v2\/posts\/182\/revisions"}],"wp:featuredmedia":[{"embeddable":true,"href":"https:\/\/noticias.saludtv.com.ar\/index.php?rest_route=\/"}],"wp:attachment":[{"href":"https:\/\/noticias.saludtv.com.ar\/index.php?rest_route=%2Fwp%2Fv2%2Fmedia&parent=182"}],"wp:term":[{"taxonomy":"category","embeddable":true,"href":"https:\/\/noticias.saludtv.com.ar\/index.php?rest_route=%2Fwp%2Fv2%2Fcategories&post=182"},{"taxonomy":"post_tag","embeddable":true,"href":"https:\/\/noticias.saludtv.com.ar\/index.php?rest_route=%2Fwp%2Fv2%2Ftags&post=182"}],"curies":[{"name":"wp","href":"https:\/\/api.w.org\/{rel}","templated":true}]}}