{"id":185,"date":"2020-07-21T12:14:28","date_gmt":"2020-07-21T15:14:28","guid":{"rendered":"https:\/\/noticias.saludtv.com.ar\/?p=185"},"modified":"2020-07-21T12:14:28","modified_gmt":"2020-07-21T15:14:28","slug":"trastornos-musculoesqueleticos-recursos-para-el-debate-en-grupo-en-el-lugar-de-trabajo","status":"publish","type":"post","link":"https:\/\/noticias.saludtv.com.ar\/?p=185","title":{"rendered":"Trastornos musculoesquel\u00e9ticos: Recursos para el debate en grupo en el lugar de trabajo"},"content":{"rendered":"\n<p>En el marco del proyecto \u00abRevisi\u00f3n de la investigaci\u00f3n, la pol\u00edtica y la pr\u00e1ctica sobre prevenci\u00f3n de los trastornos m\u00fasculoesquel\u00e9ticos relacionados con el trabajo\u00bb, de la Agencia Europea de Seguridad y Salud en el Trabajo, el equipo encargado del proyecto llev\u00f3 a cabo un exhaustivo an\u00e1lisis de las pol\u00edticas que en materia de prevenci\u00f3n de los trastornos musculoesquel\u00e9ticos (MDS) desarrollan una serie de pa\u00edses. <\/p>\n\n\n\n<!--more-->\n\n\n\n<p>El objetivo era entender mejor bajo qu\u00e9 circunstancias resultan m\u00e1s eficaces las estrategias y las medidas orientadas a corregir este problema de salud laboral muy habitual.<\/p>\n\n\n\n<p>El informe describe 25 iniciativas a nivel pol\u00edtico e incluye un an\u00e1lisis en profundidad de seis pa\u00edses que aplican una diversidad de enfoques estrat\u00e9gicos en la prevenci\u00f3n de los TMS. Los resultados incluyen los datos y lagunas identificadas en la evaluaci\u00f3n, as\u00ed como los factores de \u00e9xito que se desprend\u00edan del an\u00e1lisis.<\/p>\n","protected":false},"excerpt":{"rendered":"<p>En el marco del proyecto \u00abRevisi\u00f3n de la investigaci\u00f3n, la pol\u00edtica y la pr\u00e1ctica sobre prevenci\u00f3n de los trastornos m\u00fasculoesquel\u00e9ticos relacionados con el trabajo\u00bb, de la Agencia Europea de Seguridad y Salud en el Trabajo, el equipo encargado del proyecto llev\u00f3 a cabo un exhaustivo an\u00e1lisis de las pol\u00edticas que en materia de prevenci\u00f3n de [&hellip;]<\/p>\n","protected":false},"author":3,"featured_media":186,"comment_status":"closed","ping_status":"closed","sticky":false,"template":"","format":"standard","meta":{"footnotes":""},"categories":[5],"tags":[],"class_list":["post-185","post","type-post","status-publish","format-standard","has-post-thumbnail","hentry","category-el-trabajo-en-la-salud"],"_links":{"self":[{"href":"https:\/\/noticias.saludtv.com.ar\/index.php?rest_route=\/wp\/v2\/posts\/185","targetHints":{"allow":["GET"]}}],"collection":[{"href":"https:\/\/noticias.saludtv.com.ar\/index.php?rest_route=\/wp\/v2\/posts"}],"about":[{"href":"https:\/\/noticias.saludtv.com.ar\/index.php?rest_route=\/wp\/v2\/types\/post"}],"author":[{"embeddable":true,"href":"https:\/\/noticias.saludtv.com.ar\/index.php?rest_route=\/wp\/v2\/users\/3"}],"replies":[{"embeddable":true,"href":"https:\/\/noticias.saludtv.com.ar\/index.php?rest_route=%2Fwp%2Fv2%2Fcomments&post=185"}],"version-history":[{"count":0,"href":"https:\/\/noticias.saludtv.com.ar\/index.php?rest_route=\/wp\/v2\/posts\/185\/revisions"}],"wp:featuredmedia":[{"embeddable":true,"href":"https:\/\/noticias.saludtv.com.ar\/index.php?rest_route=\/"}],"wp:attachment":[{"href":"https:\/\/noticias.saludtv.com.ar\/index.php?rest_route=%2Fwp%2Fv2%2Fmedia&parent=185"}],"wp:term":[{"taxonomy":"category","embeddable":true,"href":"https:\/\/noticias.saludtv.com.ar\/index.php?rest_route=%2Fwp%2Fv2%2Fcategories&post=185"},{"taxonomy":"post_tag","embeddable":true,"href":"https:\/\/noticias.saludtv.com.ar\/index.php?rest_route=%2Fwp%2Fv2%2Ftags&post=185"}],"curies":[{"name":"wp","href":"https:\/\/api.w.org\/{rel}","templated":true}]}}