{"id":19,"date":"2020-07-20T23:19:22","date_gmt":"2020-07-21T02:19:22","guid":{"rendered":"https:\/\/noticias.saludtv.com.ar\/?p=19"},"modified":"2020-07-20T23:19:22","modified_gmt":"2020-07-21T02:19:22","slug":"en-brasil-los-profesionales-de-la-salud-podrian-haber-contagiado-de-coronavirus-a-las-poblaciones-indigenas","status":"publish","type":"post","link":"https:\/\/noticias.saludtv.com.ar\/?p=19","title":{"rendered":"En Brasil los profesionales de la salud podr\u00edan haber contagiado de coronavirus a las poblaciones ind\u00edgenas"},"content":{"rendered":"\n<p>Numerosos trabajadores que iban a monitorear a comunidades ind\u00edgenas estaban infectados, lo que expuso a poblaciones remotas al virus. Ellos dicen que no llevaban equipos de protecci\u00f3n adecuados ni contaban con acceso a pruebas.<\/p>\n\n\n\n<!--more-->\n\n\n\n<p>R\u00cdO DE JANEIRO \u2014 Los s\u00edntomas reveladores comenzaron a fines de mayo, casi una semana despu\u00e9s de una visita rutinaria de profesionales m\u00e9dicos del gobierno a la comunidad ind\u00edgena kanamari, en una parte remota de la Amazonia: las personas de la tercera edad de la comunidad comenzaron a tener problemas para respirar.<\/p>\n\n\n\n<p>Durante meses, mientras el coronavirus avanzaba con rapidez por Brasil, los kanamari hab\u00edan buscado protegerse de la pandemia limitando estrictamente el acceso a sus aldeas ribere\u00f1as en el rec\u00f3ndito Valle de Javari, uno de los territorios ind\u00edgenas m\u00e1s grandes de Brasil.<\/p>\n\n\n\n<p>Sin embargo, parec\u00eda que incluso ah\u00ed el virus los hab\u00eda alcanzado. Y se desat\u00f3 el p\u00e1nico.<\/p>\n\n\n\n<p>\u201cMucha gente agarr\u00f3 un poco de ropa, una hamaca y huy\u00f3 a la selva para esconderse\u201d, dijo Thoda Kanamari, un l\u00edder de la uni\u00f3n de los pueblos ind\u00edgenas de ese vasto territorio, hogar de grupos que tienen poco contacto con el mundo exterior. \u201cPero fue demasiado tarde, todo el mundo ya se hab\u00eda infectado\u201d.<\/p>\n\n\n\n<p>Y, seg\u00fan entrevistas y datos federales consultados por The New York Times, los portadores de la enfermedad pudieron ser los profesionales de la salud que fueron designados por el gobierno federal para proteger a las poblaciones ind\u00edgenas del pa\u00eds.<\/p>\n\n\n\n<p>Mediante el uso de la ley de libertad de informaci\u00f3n y entrevistas con representantes sindicales, se encontr\u00f3 que hasta inicios de julio m\u00e1s de mil enfermeras y doctores que forman parte del servicio nacional de salud ind\u00edgena, conocido como SESAI, hab\u00edan dado positivo por coronavirus.<\/p>\n\n\n\n<p>Profesionales m\u00e9dicos y l\u00edderes ind\u00edgenas sostienen que, al no tener los equipos adecuados de protecci\u00f3n para trabajar y sin el acceso a pruebas suficientes, es posible que esos trabajadores hayan puesto en peligro involuntariamente a las comunidades que intentaban ayudar.<\/p>\n\n\n\n<figure class=\"wp-block-image\"><img decoding=\"async\" src=\"https:\/\/static01.nyt.com\/images\/2020\/07\/19\/world\/20virus-Brazil-indigenous-ES-2\/merlin_173964663_b0d680bf-1c4d-434c-acd0-a5b27a3df13b-articleLarge.jpg?quality=75&amp;auto=webp&amp;disable=upscale\" alt=\"Trabajadores de la salud ayudan a un hombre con s\u00edntomas de la COVID-19 a subir a un bote que lo llevar\u00eda a un hospital en el estado de Par\u00e1.\"\/><figcaption>Trabajadores de la salud ayudan a un hombre con s\u00edntomas de la COVID-19 a subir a un bote que lo llevar\u00eda a un hospital en el estado de Par\u00e1.Credit&#8230;Ueslei Marcelino\/Reuters<\/figcaption><\/figure>\n\n\n\n<p>M\u00e1s de 15.500 ind\u00edgenas brasile\u00f1os han sido diagnosticados con el coronavirus, entre ellos al menos 10.889 que viven en territorios protegidos, seg\u00fan el Instituto Socioambiental, una organizaci\u00f3n a favor de los derechos ind\u00edgenas. Al menos 523 han muerto.<\/p>\n\n\n\n<p>En el Valle del Javari, una regi\u00f3n poco poblada al noroeste de Brasil, la agencia federal de atenci\u00f3n m\u00e9dica para las comunidades ind\u00edgenas se\u00f1al\u00f3 que hab\u00eda identificado 220 casos y un fallecimiento.<\/p>\n\n\n\n<p>Robson Santos da Silva, el coronel del ej\u00e9rcito que lidera el SESAI, defendi\u00f3 la respuesta de la agencia durante la pandemia y menospreci\u00f3 las cr\u00edticas al decir que se trata de \u201cmucha desinformaci\u00f3n, mucha pol\u00edtica\u201d.<\/p>\n\n\n\n<p>\u201cEstamos en la vanguardia\u201d, coment\u00f3. \u201cEstamos combatiendo esta enfermedad a diario\u201d.<\/p>\n\n\n\n<p>En un comunicado enviado por medio de un correo electr\u00f3nico, el SESAI mencion\u00f3 que los informes que responsabilizaban a los profesionales de la salud de haber expuesto a los ind\u00edgenas al virus eran \u201cno concluyentes\u201d. La agencia se\u00f1al\u00f3 que sus empleados usaban el equipo de protecci\u00f3n.<\/p>\n\n\n\n<p>\u201cToda esta planeaci\u00f3n e investigaci\u00f3n previa produjeron una atenci\u00f3n eficiente y oportuna en los pueblos\u201d, mencion\u00f3 el comunicado.<\/p>\n\n\n\n<p>No obstante, el Times detect\u00f3 que, al menos en seis oficinas, la cantidad de trabajadores infectados superaba al promedio de la regi\u00f3n de la Amazonia, que es del 8 por ciento para la poblaci\u00f3n general. Dos sucursales en particular tuvieron tasas de infecci\u00f3n extraordinariamente altas, seg\u00fan los c\u00e1lculos que compilaron los sindicatos del sector salud.<\/p>\n\n\n\n<figure class=\"wp-block-image\"><img decoding=\"async\" src=\"https:\/\/static01.nyt.com\/images\/2020\/07\/17\/world\/20virus-Brazil-indigenous-ES-3\/merlin_174467835_fafee3a1-c257-4290-aa79-fbf691d2533d-articleLarge.jpg?quality=75&amp;auto=webp&amp;disable=upscale\" alt=\"Miembros de la comunidad yanomami en una cl\u00ednica de salud dirigida por el ej\u00e9rcito brasile\u00f1o en el estado de Roraima\"\/><figcaption>Miembros de la comunidad yanomami en una cl\u00ednica de salud dirigida por el ej\u00e9rcito brasile\u00f1o en el estado de RoraimaCredit&#8230;Joedson Alves\/EPA v\u00eda Shutterstock<\/figcaption><\/figure>\n\n\n\n<p>La oficina encargada del estado de Amap\u00e1 y la zona norte del estado de Par\u00e1 report\u00f3 que 186 personas \u2014casi la mitad de sus trabajadores\u2014 hab\u00edan dado positivo por el virus. Adem\u00e1s, en la oficina que cubre la comunidad yanomami, la cual se extiende a lo largo de la frontera entre Brasil y Venezuela, 207 funcionarios \u2014m\u00e1s del 20 por ciento del personal m\u00e9dico\u2013 estaba infectado.<\/p>\n\n\n\n<p>Representantes del sindicato de trabajadores del sector salud y expertos aseguran que es probable que la cantidad real de casos entre profesionales ind\u00edgenas de la salud a nivel federal sea mucho m\u00e1s alta. Muchas de las personas que est\u00e1n en la vanguardia han buscado pruebas por su cuenta pero, hasta el 30 de junio, el servicio de salud ind\u00edgena tan solo les hab\u00eda realizado 1080 ex\u00e1menes a sus empleados, casi el cinco por ciento de su fuerza laboral.<\/p>\n\n\n\n<p>La gran cantidad de trabajadores contagiados sugiere que \u201chubo fallas en la protecci\u00f3n de los profesionales de la salud en un momento crucial, esto afect\u00f3 a los equipos que atienden a una poblaci\u00f3n muy vulnerable\u201d, coment\u00f3 Felipe Tavares, quien investiga la salud de los ind\u00edgenas en la Universidad Federal Fluminense.<\/p>\n\n\n\n<p>Los trabajadores de la salud, los l\u00edderes ind\u00edgenas y los expertos describieron una respuesta fraudulenta acosada por las deficiencias m\u00e1s amplias que han convertido a Brasil en un epicentro mundial de la pandemia. Brasil ha registrado m\u00e1s de 80.000 muertes por coronavirus y&nbsp;<a href=\"https:\/\/www.nytimes.com\/interactive\/2020\/world\/americas\/brazil-coronavirus-cases.html\">m\u00e1s de dos millones de casos<\/a>&nbsp;confirmados hasta el domingo, cifras que solo son superadas por Estados Unidos.<\/p>\n\n\n\n<p>Las pruebas han sido escasas y a menudo poco confiables, lo que significa que algunos m\u00e9dicos y enfermeras con casos asintom\u00e1ticos o no diagnosticados han viajado a comunidades vulnerables y han trabajado en ellas durante d\u00edas. Algunos equipos han tenido que adquirir sus propios cubrebocas y otros equipos de protecci\u00f3n.<\/p>\n\n\n\n<p>Los protocolos de cuarentena laxos y mal comunicados, y la ausencia de un rastreo de contactos efectivo, han permitido que el virus se propague con facilidad entre las personas que viven a corta distancia.<\/p>\n\n\n\n<figure class=\"wp-block-image\"><img decoding=\"async\" src=\"https:\/\/static01.nyt.com\/images\/2020\/07\/17\/world\/20virus-Brazil-indigenous-ES-4\/merlin_174188571_0e4e83dc-d9af-4e28-a086-3de9d060a451-articleLarge.jpg?quality=75&amp;auto=webp&amp;disable=upscale\" alt=\"Miembros de las comunidades ind\u00edgenas ye\u2019kuana y yanomami reciben alimentos en Auari, Roraima.\"\/><figcaption>Miembros de las comunidades ind\u00edgenas ye\u2019kuana y yanomami reciben alimentos en Auari, Roraima.Credit&#8230;Nelson Almeida\/Agence France-Presse \u2014 Getty Images<\/figcaption><\/figure>\n\n\n\n<p>Los l\u00edderes ind\u00edgenas aseguraron que es imposible determinar con certeza cu\u00e1ntos casos se generaron por la presencia de los trabajadores del sector salud. Algunos ind\u00edgenas podr\u00edan haber llevado el virus a sus comunidades despu\u00e9s de viajar a las ciudades para conseguir provisiones y ayuda gubernamental de emergencia. Los mineros y le\u00f1adores ilegales que operan en territorios ind\u00edgenas tambi\u00e9n pudieron ser parte activa de los contagios en algunas comunidades.<\/p>\n\n\n\n<p>Luiza Garnelo, doctora y antrop\u00f3loga de Fiocruz Amaz\u00f4nia, una agencia gubernamental de investigaci\u00f3n sanitaria en la Amazonia, dijo que la pandemia hab\u00eda evidenciado la vulnerabilidad de las comunidades que ya estaban luchando con una atenci\u00f3n m\u00e9dica de mala calidad, con la pobreza y, a menudo, con la invasi\u00f3n violenta de sus tierras.<\/p>\n\n\n\n<p>ADVERTISEMENT<a href=\"https:\/\/www.nytimes.com\/es\/2020\/07\/20\/espanol\/america-latina\/brasil-coronavirus-comunidades-indigenas.html#after-story-ad-4\">Continue reading the main story<\/a><\/p>\n\n\n\n<figure><iframe width=\"1282\" height=\"252\"><\/iframe><\/figure>\n\n\n\n<p>\u201cMucho tiempo antes de que azotara la epidemia, la inversi\u00f3n en la atenci\u00f3n m\u00e9dica de los pueblos ind\u00edgenas era insuficiente y los recursos disponibles no se aprovecharon para dar una respuesta eficaz a la epidemia\u201d, mencion\u00f3. \u201cLa poblaci\u00f3n ind\u00edgena es social y econ\u00f3micamente vulnerable\u201d.<\/p>\n\n\n\n<p>Algunas comunidades han exigido una mejor atenci\u00f3n m\u00e9dica, mientras la pandemia afecta a Brasil.<\/p>\n\n\n\n<p>\u201cDesde marzo hemos estado rogando, necesitamos ayuda, necesitamos ayuda, necesitamos contrataci\u00f3n de emergencia de trabajadores de la salud\u201d, dijo J\u00fanior Yanomami, quien encabeza el consejo ind\u00edgena en el departamento de salud yanomami en Boa Vista, capital del estado de Roraima.<\/p>\n\n\n\n<p>Pero al menos 90 de los 131 trabajadores de la salud asignados a Boa Vista durante el brote han dado positivo, seg\u00fan Yanomami. Ellos estaban, sin saberlo, entre los principales vectores de infecci\u00f3n de las 262 personas yanomamis que han sido diagnosticadas con el virus, dijo. Cinco yanomamis han muerto.<\/p>\n\n\n\n<p>Cuando Da Silva, el coronel del ej\u00e9rcito que dirige la agencia de salud ind\u00edgena, vol\u00f3 a varias aldeas yanomami a fines de junio para entregar equipo de protecci\u00f3n y administrar pruebas, los l\u00edderes tribales sintieron que estaban sido usados para sesiones fotogr\u00e1ficas, seg\u00fan dijeron.<\/p>\n\n\n\n<p>\u201cQueremos que el gobierno ayude a los pueblos ind\u00edgenas, ya que es su obligaci\u00f3n hacerlo, pero no as\u00ed\u201d, dijo Yanomami.<\/p>\n\n\n\n<figure class=\"wp-block-image\"><img decoding=\"async\" src=\"https:\/\/static01.nyt.com\/images\/2020\/07\/17\/world\/20virus-Brazil-indigenous-ES-5\/merlin_174173241_b63e4415-e067-4e5c-8a04-63e6be6d1eee-articleLarge.jpg?quality=75&amp;auto=webp&amp;disable=upscale\" alt=\"Trabajadores de la salud eval\u00faan a miembros de la comunidad ind\u00edgena guaran\u00ed en Maric\u00e1, en el estado de R\u00edo de Janeiro.\"\/><figcaption>Trabajadores de la salud eval\u00faan a miembros de la comunidad ind\u00edgena guaran\u00ed en Maric\u00e1, en el estado de R\u00edo de Janeiro.Credit&#8230;Mauro Pimentel\/Agence France-Presse \u2014 Getty Images<\/figcaption><\/figure>\n\n\n\n<p>Carmem Pankararu, presidenta del sindicato de trabajadores ind\u00edgenas de la salud, mencion\u00f3 que los trabajadores se han visto afectados por una burocracia lenta al momento de obtener pruebas y suministros cruciales para las regiones donde el transporte y la log\u00edstica son un problema muy complicado, incluso en circunstancias normales.<\/p>\n\n\n\n<p>ADVERTISEMENT<a href=\"https:\/\/www.nytimes.com\/es\/2020\/07\/20\/espanol\/america-latina\/brasil-coronavirus-comunidades-indigenas.html#after-story-ad-5\">Continue reading the main story<\/a><\/p>\n\n\n\n<figure><iframe width=\"1282\" height=\"252\"><\/iframe><\/figure>\n\n\n\n<p>\u201cSolo les realizaban la prueba cuando mostraban s\u00edntomas\u201d, dijo Pankararu. \u201cNecesitamos pruebas masivas\u201d.<\/p>\n\n\n\n<p>Dentro de los territorios ind\u00edgenas, y fuera de ellos, est\u00e1n aumentando las cr\u00edticas al presidente Jair Bolsonaro por su manejo de la pandemia.<\/p>\n\n\n\n<p>Despu\u00e9s de las renuncias de dos ministros de Salud que eran m\u00e9dicos, en abril y mayo, Bolsonaro puso en el Ministerio de Salud a un general del ej\u00e9rcito, quien ha llenado los altos cargos del organismo con oficiales militares que no son expertos en atenci\u00f3n m\u00e9dica.<\/p>\n\n\n\n<p>A principios de este mes, un juez del Supremo Tribunal de Brasil orden\u00f3 al gobierno que redoblara los esfuerzos para proteger a los pueblos ind\u00edgenas del virus con la presentaci\u00f3n de un plan integral dentro de 30 d\u00edas y el establecimiento de una \u201csala de crisis\u201d con funcionarios y representantes ind\u00edgenas.<\/p>\n\n\n\n<p>M\u00e1s recientemente, otro juez del Supremo Tribunal gener\u00f3 consternaci\u00f3n en el gobierno de Bolsonaro al advertir que las fuerzas armadas podr\u00edan ser consideradas responsables de un \u201cgenocidio\u201d por su manejo de la pandemia en las comunidades ind\u00edgenas.<\/p>\n\n\n\n<figure class=\"wp-block-image\"><img decoding=\"async\" src=\"https:\/\/static01.nyt.com\/images\/2020\/07\/17\/world\/20virus-Brazil-indigenous-ES-6\/merlin_173909718_d3a7cb64-17c2-46c0-9e50-af03ea85cac8-articleLarge.jpg?quality=75&amp;auto=webp&amp;disable=upscale\" alt=\"\"\/><\/figure>\n\n\n\n<p>Varios trabajadores del SESAI que hablaron con el Times bajo la condici\u00f3n de permanecer en el anonimato, por temor a represalias, describieron una misi\u00f3n de una complejidad excepcional, que se ha visto afectada por un manejo deficiente, la desconfianza de muchas comunidades ind\u00edgenas y la escasez de pruebas.<\/p>\n\n\n\n<p>Enoque Taurepang, coordinador del Consejo Ind\u00edgena de Roraima, dijo que a doctores y enfermeros les hab\u00edan tendido el camino para fracasar.<\/p>\n\n\n\n<p>\u201cNo podemos culpar a los profesionales de la salud porque no tienen las herramientas necesarias para actuar\u201d, dijo Taurepang.<\/p>\n\n\n\n<p>Mientras tanto, aumentan las p\u00e9rdidas de personas ind\u00edgenas.<\/p>\n\n\n\n<p>Edney Kokama, l\u00edder de la tribu kokama, perdi\u00f3 a su padre y a su abuelo por el virus, que seg\u00fan \u00e9l hab\u00eda matado al menos a 58 miembros de la tribu en Brasil. Su abuelo y la esposa de su abuelo, quien tambi\u00e9n muri\u00f3, se encontraban entre los escritores m\u00e1s fluidos del idioma de la tribu, que los miembros m\u00e1s j\u00f3venes no conocen tan bien.<\/p>\n\n\n\n<p>\u201cMi abuelo estaba editando un diccionario kokama. Fue uno de los pocos que lo hablaba\u201d, dijo. \u201cHemos perdido mucho conocimiento\u201d.<\/p>\n\n\n\n<p>Ernesto Londo\u00f1o es el jefe de la corresponsal\u00eda de Brasil, con sede en R\u00edo de Janeiro. Antes fue parte del Comit\u00e9 Editorial y, antes de unirse a The New York Times, era reportero en The Washington Post.&nbsp;<a href=\"https:\/\/twitter.com\/londonoe\" rel=\"noreferrer noopener\" target=\"_blank\">@londonoe<\/a>&nbsp;\u2022&nbsp;<a href=\"https:\/\/www.facebook.com\/londono\" rel=\"noreferrer noopener\" target=\"_blank\">Facebook<\/a><\/p>\n","protected":false},"excerpt":{"rendered":"<p>Numerosos trabajadores que iban a monitorear a comunidades ind\u00edgenas estaban infectados, lo que expuso a poblaciones remotas al virus. Ellos dicen que no llevaban equipos de protecci\u00f3n adecuados ni contaban con acceso a pruebas.<\/p>\n","protected":false},"author":2,"featured_media":20,"comment_status":"closed","ping_status":"closed","sticky":false,"template":"","format":"standard","meta":{"footnotes":""},"categories":[6],"tags":[],"class_list":["post-19","post","type-post","status-publish","format-standard","has-post-thumbnail","hentry","category-internacional"],"_links":{"self":[{"href":"https:\/\/noticias.saludtv.com.ar\/index.php?rest_route=\/wp\/v2\/posts\/19","targetHints":{"allow":["GET"]}}],"collection":[{"href":"https:\/\/noticias.saludtv.com.ar\/index.php?rest_route=\/wp\/v2\/posts"}],"about":[{"href":"https:\/\/noticias.saludtv.com.ar\/index.php?rest_route=\/wp\/v2\/types\/post"}],"author":[{"embeddable":true,"href":"https:\/\/noticias.saludtv.com.ar\/index.php?rest_route=\/wp\/v2\/users\/2"}],"replies":[{"embeddable":true,"href":"https:\/\/noticias.saludtv.com.ar\/index.php?rest_route=%2Fwp%2Fv2%2Fcomments&post=19"}],"version-history":[{"count":0,"href":"https:\/\/noticias.saludtv.com.ar\/index.php?rest_route=\/wp\/v2\/posts\/19\/revisions"}],"wp:featuredmedia":[{"embeddable":true,"href":"https:\/\/noticias.saludtv.com.ar\/index.php?rest_route=\/"}],"wp:attachment":[{"href":"https:\/\/noticias.saludtv.com.ar\/index.php?rest_route=%2Fwp%2Fv2%2Fmedia&parent=19"}],"wp:term":[{"taxonomy":"category","embeddable":true,"href":"https:\/\/noticias.saludtv.com.ar\/index.php?rest_route=%2Fwp%2Fv2%2Fcategories&post=19"},{"taxonomy":"post_tag","embeddable":true,"href":"https:\/\/noticias.saludtv.com.ar\/index.php?rest_route=%2Fwp%2Fv2%2Ftags&post=19"}],"curies":[{"name":"wp","href":"https:\/\/api.w.org\/{rel}","templated":true}]}}