{"id":25,"date":"2020-07-20T23:32:22","date_gmt":"2020-07-21T02:32:22","guid":{"rendered":"https:\/\/noticias.saludtv.com.ar\/?p=25"},"modified":"2020-07-20T23:32:22","modified_gmt":"2020-07-21T02:32:22","slug":"los-ninos-negros-acuden-menos-al-medico-por-eccemas","status":"publish","type":"post","link":"https:\/\/noticias.saludtv.com.ar\/?p=25","title":{"rendered":"Los ni\u00f1os negros acuden menos al m\u00e9dico por eccemas"},"content":{"rendered":"\n<p>Seg\u00fan datos de los Centers for Disease Control de Estados Unidos, un 11% de los ni\u00f1os experimenta eccemas en Estados. Los ni\u00f1os negros son los que m\u00e1s padecen este problema (17,1%), seguido&nbsp;por los ni\u00f1os blancos (11,2%) e hispanos (13,7%). La&nbsp;<strong><a href=\"https:\/\/noticias.medsbla.com\/los-trastornos-de-la-piel-pueden-depender-de-la-genetica\">etiolog\u00eda del eccema<\/a><\/strong>&nbsp;es todav\u00eda desconocida, seg\u00fan se\u00f1alan los expertos. El contacto con al\u00e9rgenos (como alimentos, polen o animales), as\u00ed como con ciertas sustancias irritantes (jabones, productos del hogar o lociones) pueden empeorar los s\u00edntomas.<\/p>\n\n\n\n<!--more-->\n\n\n\n<p>Los investigadores recopilaron datos de la&nbsp;<strong>Medical Expenditure Panel Survey<\/strong>, la fuente m\u00e1s completa que existe sobre la atenci\u00f3n m\u00e9dica, el coste y la cobertura de los seguros m\u00e9dicos de Estados Unidos. El equipo utiliz\u00f3 datos recogidos entre los a\u00f1os 2001 y 2013 en pacientes estadounidenses menores de 18 a\u00f1os que hab\u00edan sido identificados en funci\u00f3n de su raza (negra, blanca e hispana). El resto de grupos \u00e9tnicos no constitu\u00edan una muestra suficientemente grande como para llevar a cabo una evaluaci\u00f3n.<\/p>\n\n\n\n<h4 class=\"wp-block-heading\"><strong>30% menos de probabilidades de acudir al m\u00e9dico<\/strong><\/h4>\n\n\n\n<p>Los investigadores observaron que&nbsp;<strong>2.043 personas<\/strong>&nbsp;hab\u00edan tenido un eccema, seg\u00fan la base de datos consultada. A partir de estas cifras realizaron una estimaci\u00f3n a escala nacional en la que casi 3 millones de ni\u00f1os tendr\u00edan&nbsp;<strong><a href=\"https:\/\/noticias.medsbla.com\/el-riesgo-de-eccema-se-relaciona-con-la-dureza-del-agua\">eccemas<\/a>.<\/strong>&nbsp;Entre todos ellos, el 66% de los ni\u00f1os ser\u00edan blancos; 18%, ni\u00f1os negros y 16%,&nbsp;hispanos. Aproximadamente el 60% de estos ni\u00f1os visit\u00f3 al m\u00e9dico debido a un eccema, pero los porcentajes variaban seg\u00fan la raza.<\/p>\n\n\n\n<p>El 62,1% de ni\u00f1os blancos acudi\u00f3 al m\u00e9dico por un eccema, seguido de los ni\u00f1os hispanos (58,1%) y los ni\u00f1os negros (51,9%). Tras aplicar factores de ajustes como los factores sociodemogr\u00e1ficos y el estado del seguro m\u00e9dico, los investigadores observaron un&nbsp;<strong>30% menos de probabilidades<\/strong>&nbsp;de acudir al m\u00e9dico por un eccema que los blancos.<\/p>\n\n\n\n<blockquote class=\"wp-block-quote is-layout-flow wp-block-quote-is-layout-flow\"><p>\u201cLos datos muestran que la raza es, en s\u00ed misma, un&nbsp;<strong>indicador predictivo&nbsp;<\/strong>de si&nbsp;un ni\u00f1o con eccema acudir\u00e1 al m\u00e9dico, independientemente de otros factores sociales o demogr\u00e1ficos o el estado del seguro m\u00e9dico\u201d, asegura Junko Takeshita, autor del estudio.<\/p><\/blockquote>\n","protected":false},"excerpt":{"rendered":"<p>Seg\u00fan datos de los Centers for Disease Control de Estados Unidos, un 11% de los ni\u00f1os experimenta eccemas en Estados. Los ni\u00f1os negros son los que m\u00e1s padecen este problema (17,1%), seguido&nbsp;por los ni\u00f1os blancos (11,2%) e hispanos (13,7%). La&nbsp;etiolog\u00eda del eccema&nbsp;es todav\u00eda desconocida, seg\u00fan se\u00f1alan los expertos. El contacto con al\u00e9rgenos (como alimentos, polen [&hellip;]<\/p>\n","protected":false},"author":2,"featured_media":26,"comment_status":"closed","ping_status":"closed","sticky":false,"template":"","format":"standard","meta":{"footnotes":""},"categories":[6,12],"tags":[],"class_list":["post-25","post","type-post","status-publish","format-standard","has-post-thumbnail","hentry","category-internacional","category-salud-del-nino"],"_links":{"self":[{"href":"https:\/\/noticias.saludtv.com.ar\/index.php?rest_route=\/wp\/v2\/posts\/25","targetHints":{"allow":["GET"]}}],"collection":[{"href":"https:\/\/noticias.saludtv.com.ar\/index.php?rest_route=\/wp\/v2\/posts"}],"about":[{"href":"https:\/\/noticias.saludtv.com.ar\/index.php?rest_route=\/wp\/v2\/types\/post"}],"author":[{"embeddable":true,"href":"https:\/\/noticias.saludtv.com.ar\/index.php?rest_route=\/wp\/v2\/users\/2"}],"replies":[{"embeddable":true,"href":"https:\/\/noticias.saludtv.com.ar\/index.php?rest_route=%2Fwp%2Fv2%2Fcomments&post=25"}],"version-history":[{"count":0,"href":"https:\/\/noticias.saludtv.com.ar\/index.php?rest_route=\/wp\/v2\/posts\/25\/revisions"}],"wp:featuredmedia":[{"embeddable":true,"href":"https:\/\/noticias.saludtv.com.ar\/index.php?rest_route=\/"}],"wp:attachment":[{"href":"https:\/\/noticias.saludtv.com.ar\/index.php?rest_route=%2Fwp%2Fv2%2Fmedia&parent=25"}],"wp:term":[{"taxonomy":"category","embeddable":true,"href":"https:\/\/noticias.saludtv.com.ar\/index.php?rest_route=%2Fwp%2Fv2%2Fcategories&post=25"},{"taxonomy":"post_tag","embeddable":true,"href":"https:\/\/noticias.saludtv.com.ar\/index.php?rest_route=%2Fwp%2Fv2%2Ftags&post=25"}],"curies":[{"name":"wp","href":"https:\/\/api.w.org\/{rel}","templated":true}]}}