{"id":28,"date":"2020-07-20T23:40:04","date_gmt":"2020-07-21T02:40:04","guid":{"rendered":"https:\/\/noticias.saludtv.com.ar\/?p=28"},"modified":"2020-07-20T23:40:04","modified_gmt":"2020-07-21T02:40:04","slug":"salud-mental-y-tabaco","status":"publish","type":"post","link":"https:\/\/noticias.saludtv.com.ar\/?p=28","title":{"rendered":"Salud mental y tabaco"},"content":{"rendered":"\n<p><strong>El compuesto del tabaco afecta al funcionamiento de la corteza prefrontal del cerebro, la zona que se ve alterada por transtornos psiqui\u00e1tricos. El siquiatra Cristobal Pav\u00f3n lo explica.<\/strong><\/p>\n\n\n\n<!--more-->\n\n\n\n<p>El tabaco es uno de los temas que se va a abordar en el Curso de actualizaci\u00f3n de la siquiatr\u00eda, que, aunque no presencial, se van a celebrar en Euskadi en septiembre.<\/p>\n\n\n\n<p>En un estudio transversal en pacientes esquizofr\u00e9nicos ambulatorios, se observ\u00f3 que los pacientes fumadores ten\u00edan m\u00e1s hospitalizaciones, m\u00e1s intentos de suicidio, m\u00e1s efectos adversos al tomar f\u00e1rmacos antipsic\u00f3ticos, m\u00e1s impulsividad, depresi\u00f3n y ansiedad respecto a los no fumadores.<\/p>\n\n\n\n<p>Para ellos no es f\u00e1cil abandonar el consumo de tabaco. Adem\u00e1s la nicotina tiene efectos antidepresivos que son precisamente los que en muchas ocasiones mantienen el h\u00e1bito. Los antidepresivos pueden tener un efecto sustitutivo de la nicotina actuando sobre los circuitos neuronales implicados en la adicci\u00f3n a la misma.<\/p>\n","protected":false},"excerpt":{"rendered":"<p>El compuesto del tabaco afecta al funcionamiento de la corteza prefrontal del cerebro, la zona que se ve alterada por transtornos psiqui\u00e1tricos. El siquiatra Cristobal Pav\u00f3n lo explica.<\/p>\n","protected":false},"author":2,"featured_media":29,"comment_status":"closed","ping_status":"open","sticky":false,"template":"","format":"standard","meta":{"footnotes":""},"categories":[2],"tags":[],"class_list":["post-28","post","type-post","status-publish","format-standard","has-post-thumbnail","hentry","category-ciencia"],"_links":{"self":[{"href":"https:\/\/noticias.saludtv.com.ar\/index.php?rest_route=\/wp\/v2\/posts\/28","targetHints":{"allow":["GET"]}}],"collection":[{"href":"https:\/\/noticias.saludtv.com.ar\/index.php?rest_route=\/wp\/v2\/posts"}],"about":[{"href":"https:\/\/noticias.saludtv.com.ar\/index.php?rest_route=\/wp\/v2\/types\/post"}],"author":[{"embeddable":true,"href":"https:\/\/noticias.saludtv.com.ar\/index.php?rest_route=\/wp\/v2\/users\/2"}],"replies":[{"embeddable":true,"href":"https:\/\/noticias.saludtv.com.ar\/index.php?rest_route=%2Fwp%2Fv2%2Fcomments&post=28"}],"version-history":[{"count":0,"href":"https:\/\/noticias.saludtv.com.ar\/index.php?rest_route=\/wp\/v2\/posts\/28\/revisions"}],"wp:featuredmedia":[{"embeddable":true,"href":"https:\/\/noticias.saludtv.com.ar\/index.php?rest_route=\/"}],"wp:attachment":[{"href":"https:\/\/noticias.saludtv.com.ar\/index.php?rest_route=%2Fwp%2Fv2%2Fmedia&parent=28"}],"wp:term":[{"taxonomy":"category","embeddable":true,"href":"https:\/\/noticias.saludtv.com.ar\/index.php?rest_route=%2Fwp%2Fv2%2Fcategories&post=28"},{"taxonomy":"post_tag","embeddable":true,"href":"https:\/\/noticias.saludtv.com.ar\/index.php?rest_route=%2Fwp%2Fv2%2Ftags&post=28"}],"curies":[{"name":"wp","href":"https:\/\/api.w.org\/{rel}","templated":true}]}}