{"id":31,"date":"2020-07-20T23:45:43","date_gmt":"2020-07-21T02:45:43","guid":{"rendered":"https:\/\/noticias.saludtv.com.ar\/?p=31"},"modified":"2020-07-20T23:45:43","modified_gmt":"2020-07-21T02:45:43","slug":"que-le-hace-el-estres-a-tu-cerebro","status":"publish","type":"post","link":"https:\/\/noticias.saludtv.com.ar\/?p=31","title":{"rendered":"Qu\u00e9 le hace el estr\u00e9s a tu cerebro"},"content":{"rendered":"\n<p>\u00bfEs el estr\u00e9s perjudicial? Aunque la contestaci\u00f3n pudiera parecer obvia, no es tan simple. De hecho, la respuesta m\u00e1s correcta ser\u00eda &#8220;depende&#8221;.<\/p>\n\n\n\n<p>Partamos de que el estr\u00e9s es un\u00a0<strong>componente normal de nuestra vida<\/strong>. La respuesta de estr\u00e9s ha sido seleccionada evolutivamente para hacer frente a amenazas ambientales que ponen en peligro nuestra supervivencia. Para nuestros antepasados, el estr\u00e9s supon\u00eda una clara ventaja, dado que era necesario para conseguir alimentos, reproducirse, encontrar un sitio para cobijarse\u2026<\/p>\n\n\n\n<!--more-->\n\n\n\n<p>Pero las cosas han cambiado. En nuestra sociedad la mayor\u00eda de esas necesidades est\u00e1n cubiertas, y ahora&nbsp;<strong>las fuentes de estr\u00e9s son sobre todo de tipo social<\/strong>. Vivimos en un mundo con altas demandas laborales y familiares y con un ritmo de vida acelerado, lo que supone un desaf\u00edo constante. Este estilo de vida &#8220;fren\u00e9tico&#8221; favorece la aparici\u00f3n de estr\u00e9s.<\/p>\n\n\n\n<ul class=\"wp-block-list\"><li>5 formas en que el estr\u00e9s afecta a tu cuerpo<\/li><li>Qu\u00e9 es el estr\u00e9s t\u00f3xico y c\u00f3mo afecta el desarrollo cerebral de algunos ni\u00f1os y su salud cuando son adultos<\/li><\/ul>\n\n\n\n<p>A eso hay que a\u00f1adirle que el momento que estamos viviendo actualmente, como consecuencia de la pandemia por la covid-19, ha aumentado el estr\u00e9s social. Una situaci\u00f3n excepcional que genera incertidumbres sobre el futuro, la salud, la situaci\u00f3n econ\u00f3mica\u2026<\/p>\n\n\n\n<p>Al duro aislamiento social por el confinamiento se suma que la carga de trabajo ha aumentado (teletrabajo, conciliaci\u00f3n familiar, apoyo escolar de los hijos\u2026). Sin olvidar que, para los j\u00f3venes,<strong>&nbsp;la pandemia ha supuesto una amenaza de sus proyectos vitales y una alteraci\u00f3n de su estilo de vida<\/strong>.<\/p>\n","protected":false},"excerpt":{"rendered":"<p>\u00bfEs el estr\u00e9s perjudicial? Aunque la contestaci\u00f3n pudiera parecer obvia, no es tan simple. De hecho, la respuesta m\u00e1s correcta ser\u00eda &#8220;depende&#8221;. Partamos de que el estr\u00e9s es un\u00a0componente normal de nuestra vida. La respuesta de estr\u00e9s ha sido seleccionada evolutivamente para hacer frente a amenazas ambientales que ponen en peligro nuestra supervivencia. Para nuestros [&hellip;]<\/p>\n","protected":false},"author":2,"featured_media":32,"comment_status":"closed","ping_status":"closed","sticky":false,"template":"","format":"standard","meta":{"footnotes":""},"categories":[2],"tags":[],"class_list":["post-31","post","type-post","status-publish","format-standard","has-post-thumbnail","hentry","category-ciencia"],"_links":{"self":[{"href":"https:\/\/noticias.saludtv.com.ar\/index.php?rest_route=\/wp\/v2\/posts\/31","targetHints":{"allow":["GET"]}}],"collection":[{"href":"https:\/\/noticias.saludtv.com.ar\/index.php?rest_route=\/wp\/v2\/posts"}],"about":[{"href":"https:\/\/noticias.saludtv.com.ar\/index.php?rest_route=\/wp\/v2\/types\/post"}],"author":[{"embeddable":true,"href":"https:\/\/noticias.saludtv.com.ar\/index.php?rest_route=\/wp\/v2\/users\/2"}],"replies":[{"embeddable":true,"href":"https:\/\/noticias.saludtv.com.ar\/index.php?rest_route=%2Fwp%2Fv2%2Fcomments&post=31"}],"version-history":[{"count":0,"href":"https:\/\/noticias.saludtv.com.ar\/index.php?rest_route=\/wp\/v2\/posts\/31\/revisions"}],"wp:featuredmedia":[{"embeddable":true,"href":"https:\/\/noticias.saludtv.com.ar\/index.php?rest_route=\/"}],"wp:attachment":[{"href":"https:\/\/noticias.saludtv.com.ar\/index.php?rest_route=%2Fwp%2Fv2%2Fmedia&parent=31"}],"wp:term":[{"taxonomy":"category","embeddable":true,"href":"https:\/\/noticias.saludtv.com.ar\/index.php?rest_route=%2Fwp%2Fv2%2Fcategories&post=31"},{"taxonomy":"post_tag","embeddable":true,"href":"https:\/\/noticias.saludtv.com.ar\/index.php?rest_route=%2Fwp%2Fv2%2Ftags&post=31"}],"curies":[{"name":"wp","href":"https:\/\/api.w.org\/{rel}","templated":true}]}}