{"id":319,"date":"2020-08-29T08:00:15","date_gmt":"2020-08-29T11:00:15","guid":{"rendered":"https:\/\/noticias.saludtv.com.ar\/?p=319"},"modified":"2020-08-29T08:00:15","modified_gmt":"2020-08-29T11:00:15","slug":"aprueban-recomendaciones-para-equipos-de-salud-sobre-acompanamiento-a-internados-con-coronavirus","status":"publish","type":"post","link":"https:\/\/noticias.saludtv.com.ar\/?p=319","title":{"rendered":"Aprueban recomendaciones para equipos de salud sobre acompa\u00f1amiento a internados con coronavirus"},"content":{"rendered":"\n<p>El Gobierno bonaerense aprob\u00f3 un documento con recomendaciones para todos los equipos de salud sobre el acompa\u00f1amientos a personas internadas con coronavirus y a sus familiares.&nbsp;<\/p>\n\n\n\n<p><strong>Lo hizo a trav\u00e9s de la Resoluci\u00f3n 1436 del Ministerio de Salud publicada en el Bolet\u00edn Oficial del distrito, donde se propone una serie de herramientas para equipos m\u00e9dicos<\/strong> &#8220;enfatizando la importancia de la funci\u00f3n de acompa\u00f1amiento por parte del Estado&#8221;. All\u00ed se aconseja a los equipos que medien en el contacto entre la persona aislada y sus seres queridos, y faciliten el acceso a medios tecnol\u00f3gicos para la comunicaci\u00f3n, entre otros \u00edtems.<\/p>\n\n\n\n<p>El documento destaca la necesidad de &#8220;humanizar y contemplar la dimensi\u00f3n subjetiva y singular donde est\u00e1n en juego la salud y la vida&#8221;.<strong> El objetivo es contribuir a que los equipos sanitarios &#8220;puedan brindar apoyos a quienes atraviesan situaciones de profundo dolor y respetar las medidas de cuidado&#8221;.<\/strong><\/p>\n\n\n\n<p>Cuando la gravedad de los s\u00edntomas de coronavirus obligan a la internaci\u00f3n o a la derivaci\u00f3n en terapia intensiva del paciente, &#8220;se profundiza el impacto de la separaci\u00f3n del paciente respecto de sus seres queridos&#8221; y el equipo de salud &#8220;se constituye en el \u00fanico nexo entre la persona y su familia&#8221;.<\/p>\n\n\n\n<p><strong>La cartera sanitaria propuso facilitar el acceso del paciente internado por Covid-19 a un celular u otro dispositivo tecnol\u00f3gico que posibilite el contacto con sus seres queridos, y construir equipos interdisciplinarios para el acompa\u00f1amiento integral de los pacientes y sus familiares<\/strong>. Tambi\u00e9n brindarles informaci\u00f3n clara y regular sobre el estado integral de su salud, tratamiento y pron\u00f3stico; y ofrecer la posibilidad de que el equipo de salud mediatice el contacto entre la persona internada y sus seres queridos.<\/p>\n\n\n\n<p><strong>Por \u00faltimo, el documento contempla que en las circunstancias en las que la capacidad hospitalaria lo permita, se facilite el acompa\u00f1amiento presencial de un familiar, allegado o cuidador, lo que se torna a\u00fan m\u00e1s necesario &#8220;en los casos de padecimientos severos en salud mental y personas con discapacidad&#8221;<\/strong>. En el caso de ni\u00f1os y adolescentes est\u00e1 indicada la internaci\u00f3n con un referente afectivo como cuidador, que deber\u00e1 comprometerse a utilizar las medidas de protecci\u00f3n y a permanecer todo el tiempo en la habitaci\u00f3n.<\/p>\n","protected":false},"excerpt":{"rendered":"<p>El Gobierno bonaerense aprob\u00f3 un documento con recomendaciones para todos los equipos de salud sobre el acompa\u00f1amientos a personas internadas con coronavirus y a sus familiares.&nbsp; Lo hizo a trav\u00e9s de la Resoluci\u00f3n 1436 del Ministerio de Salud publicada en el Bolet\u00edn Oficial del distrito, donde se propone una serie de herramientas para equipos m\u00e9dicos [&hellip;]<\/p>\n","protected":false},"author":5,"featured_media":320,"comment_status":"closed","ping_status":"open","sticky":false,"template":"","format":"standard","meta":{"footnotes":""},"categories":[3,8],"tags":[69,107,160,259,284],"class_list":["post-319","post","type-post","status-publish","format-standard","has-post-thumbnail","hentry","category-coronavirus","category-nacional","tag-boletin-oficial","tag-coronavirus","tag-equipos-medicos","tag-ministerio-de-salud","tag-pacientes"],"_links":{"self":[{"href":"https:\/\/noticias.saludtv.com.ar\/index.php?rest_route=\/wp\/v2\/posts\/319","targetHints":{"allow":["GET"]}}],"collection":[{"href":"https:\/\/noticias.saludtv.com.ar\/index.php?rest_route=\/wp\/v2\/posts"}],"about":[{"href":"https:\/\/noticias.saludtv.com.ar\/index.php?rest_route=\/wp\/v2\/types\/post"}],"author":[{"embeddable":true,"href":"https:\/\/noticias.saludtv.com.ar\/index.php?rest_route=\/wp\/v2\/users\/5"}],"replies":[{"embeddable":true,"href":"https:\/\/noticias.saludtv.com.ar\/index.php?rest_route=%2Fwp%2Fv2%2Fcomments&post=319"}],"version-history":[{"count":0,"href":"https:\/\/noticias.saludtv.com.ar\/index.php?rest_route=\/wp\/v2\/posts\/319\/revisions"}],"wp:featuredmedia":[{"embeddable":true,"href":"https:\/\/noticias.saludtv.com.ar\/index.php?rest_route=\/"}],"wp:attachment":[{"href":"https:\/\/noticias.saludtv.com.ar\/index.php?rest_route=%2Fwp%2Fv2%2Fmedia&parent=319"}],"wp:term":[{"taxonomy":"category","embeddable":true,"href":"https:\/\/noticias.saludtv.com.ar\/index.php?rest_route=%2Fwp%2Fv2%2Fcategories&post=319"},{"taxonomy":"post_tag","embeddable":true,"href":"https:\/\/noticias.saludtv.com.ar\/index.php?rest_route=%2Fwp%2Fv2%2Ftags&post=319"}],"curies":[{"name":"wp","href":"https:\/\/api.w.org\/{rel}","templated":true}]}}