{"id":331,"date":"2020-08-31T08:00:00","date_gmt":"2020-08-31T11:00:00","guid":{"rendered":"https:\/\/noticias.saludtv.com.ar\/?p=331"},"modified":"2020-08-31T08:00:00","modified_gmt":"2020-08-31T11:00:00","slug":"el-mundo-supero-los-25-millones-de-contagios-de-coronavirus","status":"publish","type":"post","link":"https:\/\/noticias.saludtv.com.ar\/?p=331","title":{"rendered":"El mundo super\u00f3 los 25 millones de contagios de coronavirus"},"content":{"rendered":"\n<p>Seg\u00fan el registro en l\u00ednea de la Universidad Johns Hopkins, de Estados Unidos, en el d\u00eda de ayer se superaron mundialmente los 25 millones de contagios confirmados de coronavirus y se acerca a los 843.000 muertos. con seis de los 10 pa\u00edses m\u00e1s afectados en el continente americano y con Argentina en el puesto n\u00famero 11.<\/p>\n\n\n\n<p>Estados Unidos es el pa\u00eds que encabeza la estad\u00edstica, con alrededor de seis millones de contagios y 182.000 muertos. Le sigue Brasil con 3,8 millones de casos y m\u00e1s de 120.000 fallecidos. India tiene alrededor de 3.5 millones de infectados y casi 63.500 muertes.&nbsp;<\/p>\n\n\n\n<p>Europa y Asia est\u00e1n sufriendo una segunda ola de contagios pero esos rebrotes no superan a la primera y es por eso que descartan, por ahora, una vuelta al confinamiento total.<\/p>\n\n\n\n<p>En el caso de Espa\u00f1a la situaci\u00f3n es particular ya que esta semana es clave porque se reactiva despu\u00e9s del descanso estival y afronta un mes de incertidumbre a todos los niveles, con el regreso al trabajo de muchos ciudadanos y el comienzo del curso escolar en algunas regiones. <\/p>\n\n\n\n<p>Mientras la epidemia sigue avanzando y crece d\u00eda a d\u00eda en Catalu\u00f1a, pese a los esfuerzos por extender los cuidados masivos, aplicar medidas restrictivas en los municipios donde m\u00e1s crecen los contagios y hacer llamamientos a evitar aglomeraciones.<\/p>\n\n\n\n<p>En Am\u00e9rica Latina, a\u00fan se vive la primera ola de la pandemia que comenz\u00f3 a azotar al mundo a finales del a\u00f1o pasado en China.<\/p>\n\n\n\n<p>Per\u00fa se acerca a los 640.000 infectados, Colombia a los 600.000, M\u00e9xico a los 592.000, Chile super\u00f3 los 408.000 y la Argentina le sigue de cerca con m\u00e1s de 401.000.<\/p>\n\n\n\n<p>Por \u00faltimo, en el d\u00eda de ayer la noticia la dio India. Seg\u00fan informaron tuvo el n\u00famero r\u00e9cord mundial para nuevos casos diarios de un pa\u00eds, con m\u00e1s de 78.700 contagios en las \u00faltimas 24 horas. Con la nueva cifra de contagios anunciada, India se ubica como el pa\u00eds con m\u00e1s casos nuevos por d\u00eda del mundo y confirma que su curva sigue en ascenso ya que hace solo tres d\u00edas hab\u00eda alcanzado su anterior r\u00e9cord con 75.700 nuevos infectados.<\/p>\n\n\n\n<p>El Ministerio de Salud tambi\u00e9n report\u00f3 948 muertos en las \u00faltimas 24 horas, con lo que el total en el pa\u00eds asciende a 63.498, una cifra mucho menor a la de Brasil, casi la mitad.<\/p>\n","protected":false},"excerpt":{"rendered":"<p>Seg\u00fan el registro en l\u00ednea de la Universidad Johns Hopkins, de Estados Unidos, en el d\u00eda de ayer se superaron mundialmente los 25 millones de contagios confirmados de coronavirus y se acerca a los 843.000 muertos. con seis de los 10 pa\u00edses m\u00e1s afectados en el continente americano y con Argentina en el puesto n\u00famero [&hellip;]<\/p>\n","protected":false},"author":2,"featured_media":332,"comment_status":"closed","ping_status":"open","sticky":false,"template":"","format":"standard","meta":{"footnotes":""},"categories":[3],"tags":[46,52,54,73,93,94,101,105,107,162,165,173,206,253,294],"class_list":["post-331","post","type-post","status-publish","format-standard","has-post-thumbnail","hentry","category-coronavirus","tag-america-latina","tag-argentina","tag-asia","tag-brasil","tag-chile","tag-china","tag-colombia","tag-contagios","tag-coronavirus","tag-espana","tag-estados-unidos","tag-europa","tag-india","tag-mexico","tag-peru"],"_links":{"self":[{"href":"https:\/\/noticias.saludtv.com.ar\/index.php?rest_route=\/wp\/v2\/posts\/331","targetHints":{"allow":["GET"]}}],"collection":[{"href":"https:\/\/noticias.saludtv.com.ar\/index.php?rest_route=\/wp\/v2\/posts"}],"about":[{"href":"https:\/\/noticias.saludtv.com.ar\/index.php?rest_route=\/wp\/v2\/types\/post"}],"author":[{"embeddable":true,"href":"https:\/\/noticias.saludtv.com.ar\/index.php?rest_route=\/wp\/v2\/users\/2"}],"replies":[{"embeddable":true,"href":"https:\/\/noticias.saludtv.com.ar\/index.php?rest_route=%2Fwp%2Fv2%2Fcomments&post=331"}],"version-history":[{"count":0,"href":"https:\/\/noticias.saludtv.com.ar\/index.php?rest_route=\/wp\/v2\/posts\/331\/revisions"}],"wp:featuredmedia":[{"embeddable":true,"href":"https:\/\/noticias.saludtv.com.ar\/index.php?rest_route=\/"}],"wp:attachment":[{"href":"https:\/\/noticias.saludtv.com.ar\/index.php?rest_route=%2Fwp%2Fv2%2Fmedia&parent=331"}],"wp:term":[{"taxonomy":"category","embeddable":true,"href":"https:\/\/noticias.saludtv.com.ar\/index.php?rest_route=%2Fwp%2Fv2%2Fcategories&post=331"},{"taxonomy":"post_tag","embeddable":true,"href":"https:\/\/noticias.saludtv.com.ar\/index.php?rest_route=%2Fwp%2Fv2%2Ftags&post=331"}],"curies":[{"name":"wp","href":"https:\/\/api.w.org\/{rel}","templated":true}]}}