{"id":388,"date":"2020-09-11T08:47:07","date_gmt":"2020-09-11T11:47:07","guid":{"rendered":"https:\/\/noticias.saludtv.com.ar\/?p=388"},"modified":"2020-09-11T08:47:07","modified_gmt":"2020-09-11T11:47:07","slug":"la-diabetes-mal-controlada-es-un-factor-de-riesgo-frente-al-coronavirus","status":"publish","type":"post","link":"https:\/\/noticias.saludtv.com.ar\/?p=388","title":{"rendered":"La diabetes mal controlada es un factor de riesgo frente al coronavirus"},"content":{"rendered":"\n<p><strong>Investigadores del Conicet de La Plata aseguraron que la diabetes y sus complicaciones son agravantes de la infecci\u00f3n de coronavirus y por lo tanto, convierten en poblaci\u00f3n de riesgo a quienes la padecen.\u00a0<\/strong><\/p>\n\n\n\n<p>Los expertos advirtieron sobre la importancia de controlar esa patolog\u00eda. \u201cPrimero hay que entender precisamente por qu\u00e9 afecta al pulm\u00f3n m\u00e1s que a otros \u00f3rganos\u201d, dijo Juan Jos\u00e9 Gagliardino, investigador del Conicet. Tambi\u00e9n apunt\u00f3, \u201cpara entrar al organismo, el virus necesita \u201ccolarse\u201d por los receptores de las c\u00e9lulas. Esa ser\u00eda su puerta de entrada, y en el caso del coronavirus lo hace por la misma v\u00eda de ingreso que utiliza una enzima que participa en la regulaci\u00f3n de la presi\u00f3n arterial, llamada angiotensina 2. El pulm\u00f3n es un \u00f3rgano muy rico en ella, y por eso es la mejor oportunidad para acceder y empezar a actuar\u201d, desarroll\u00f3 Gagliardino.<\/p>\n\n\n\n<p><strong>La experiencia de la pandemia ha demostrado que las personas m\u00e1s susceptibles de contagio pueden tener diversas caracter\u00edsticas pero presentan como condici\u00f3n com\u00fan una disminuci\u00f3n del sistema inmunitario.<\/strong> Las causas del debilitamiento de este pueden ser varias, entre ellas se destacan el envejecimiento, las enfermedades malignas, las patolog\u00edas que afectan al coraz\u00f3n y los vasos sangu\u00edneos, como son el accidente cerebro vascular o el infarto de miocardio, entre otros.\u00a0<\/p>\n\n\n\n<p>Puntualmente, sobre la diabetes, Gagliardino se\u00f1al\u00f3 que \u201ces una enfermedad cuya prevalencia en nuestro pa\u00eds aumenta permanentemente\u201d y grafic\u00f3 que entre 2005 y 2018, &#8220;la frecuencia de personas afectadas aument\u00f3 un 51 por ciento en poblaci\u00f3n adulta, mientras que la obesidad subi\u00f3 un 74 por ciento\u201d.&nbsp;<\/p>\n\n\n\n<p>Tambi\u00e9n detall\u00f3 que existen dos tipos de diabetes: tipo 1 (DT1) y tipo 2 (DT2), pero &#8220;hay otra forma com\u00fan y generalmente ignorada: la diabetes mal controlada, es decir la DT1 o la DT2 que no logra un equilibrio adecuado de su metabolismo, con glucemias que no alcanzan los valores esperados. Esta es la que realmente debe preocuparnos en relaci\u00f3n al Covid-19 y el desarrollo de complicaciones cardiovasculares que tanto riesgo suponen\u201d, enfatiz\u00f3 el investigador, y se\u00f1al\u00f3 que \u201cesto significa que las personas con diabetes que controlan bien su enfermedad, mantienen niveles casi normales de glucosa y otros indicadores metab\u00f3licos como peso corporal, grasas en sangre y presi\u00f3n arterial, tienen igual posibilidad de aquellas sin diabetes de contraer coronavirus u otra patolog\u00eda infectocontagiosa\u201d.<\/p>\n\n\n\n<p>Por \u00faltimo, Gagliardino subray\u00f3 la importancia de llevar un plan de alimentaci\u00f3n saludable, practicar actividad f\u00edsica de manera regular y utilizar cuidadosamente la medicaci\u00f3n prescripta como la mejor f\u00f3rmula para cuidarse.<\/p>\n","protected":false},"excerpt":{"rendered":"<p>Investigadores del Conicet de La Plata aseguraron que la diabetes y sus complicaciones son agravantes de la infecci\u00f3n de coronavirus y por lo tanto, convierten en poblaci\u00f3n de riesgo a quienes la padecen.\u00a0 Los expertos advirtieron sobre la importancia de controlar esa patolog\u00eda. \u201cPrimero hay que entender precisamente por qu\u00e9 afecta al pulm\u00f3n m\u00e1s que [&hellip;]<\/p>\n","protected":false},"author":3,"featured_media":395,"comment_status":"closed","ping_status":"open","sticky":false,"template":"","format":"standard","meta":{"footnotes":""},"categories":[3,8],"tags":[103,107,129],"class_list":["post-388","post","type-post","status-publish","format-standard","has-post-thumbnail","hentry","category-coronavirus","category-nacional","tag-conicet","tag-coronavirus","tag-diabetes"],"_links":{"self":[{"href":"https:\/\/noticias.saludtv.com.ar\/index.php?rest_route=\/wp\/v2\/posts\/388","targetHints":{"allow":["GET"]}}],"collection":[{"href":"https:\/\/noticias.saludtv.com.ar\/index.php?rest_route=\/wp\/v2\/posts"}],"about":[{"href":"https:\/\/noticias.saludtv.com.ar\/index.php?rest_route=\/wp\/v2\/types\/post"}],"author":[{"embeddable":true,"href":"https:\/\/noticias.saludtv.com.ar\/index.php?rest_route=\/wp\/v2\/users\/3"}],"replies":[{"embeddable":true,"href":"https:\/\/noticias.saludtv.com.ar\/index.php?rest_route=%2Fwp%2Fv2%2Fcomments&post=388"}],"version-history":[{"count":0,"href":"https:\/\/noticias.saludtv.com.ar\/index.php?rest_route=\/wp\/v2\/posts\/388\/revisions"}],"wp:featuredmedia":[{"embeddable":true,"href":"https:\/\/noticias.saludtv.com.ar\/index.php?rest_route=\/"}],"wp:attachment":[{"href":"https:\/\/noticias.saludtv.com.ar\/index.php?rest_route=%2Fwp%2Fv2%2Fmedia&parent=388"}],"wp:term":[{"taxonomy":"category","embeddable":true,"href":"https:\/\/noticias.saludtv.com.ar\/index.php?rest_route=%2Fwp%2Fv2%2Fcategories&post=388"},{"taxonomy":"post_tag","embeddable":true,"href":"https:\/\/noticias.saludtv.com.ar\/index.php?rest_route=%2Fwp%2Fv2%2Ftags&post=388"}],"curies":[{"name":"wp","href":"https:\/\/api.w.org\/{rel}","templated":true}]}}