{"id":427,"date":"2020-09-19T08:00:00","date_gmt":"2020-09-19T11:00:00","guid":{"rendered":"https:\/\/noticias.saludtv.com.ar\/?p=427"},"modified":"2020-09-19T08:00:00","modified_gmt":"2020-09-19T11:00:00","slug":"los-niveles-de-vitamina-d-pueden-predecir-riesgos-futuros-para-la-salud-y-muerte-en-hombres-mayores","status":"publish","type":"post","link":"https:\/\/noticias.saludtv.com.ar\/?p=427","title":{"rendered":"Los niveles de vitamina D pueden predecir riesgos futuros para la salud y muerte en hombres mayores"},"content":{"rendered":"\n<p><strong>Un nuevo avance en la ciencia indic\u00f3 que los niveles de vitamina D libre y circulante en el torrente sangu\u00edneo pueden ser un buen predictor del riesgo futuro de salud y enfermedad en hombres mayores.\u00a0\u00a0<\/strong><\/p>\n\n\n\n<p><strong>Leen Antonio, doctora de los Hospitales Universitarios de Lovaina en B\u00e9lgica y un equipo de investigadores europeos llevaron a cabo el estudio, presentado en la conferencia del 22o Congreso Europeo de Endocrinolog\u00eda (e-ECE 2020) a principios de septiembre.<\/strong><\/p>\n\n\n\n<p>La vitamina D tiene un papel fundamental en el buen funcionamiento del organismo ya que interviene en muchos procesos fisiol\u00f3gicos como, por ejemplo, en la absorci\u00f3n y el mantenimiento de los niveles de calcio en los huesos. As\u00ed como protege al cuerpo contra las infecciones y enfermedades.&nbsp;<\/p>\n\n\n\n<p>La deficiencia de vitamina D se asocia con m\u00faltiples condiciones de salud graves a medida que envejecemos.\u00a0\u00a0<\/p>\n\n\n\n<p>Los investigadores han relacionado los niveles bajos de esta vitamina en sangre con importantes problemas de salud relacionados con la edad, que incluyen a la osteoporosis, mayor riesgo de muerte por enfermedad cardiovascular, c\u00e1ncer, diabetes tipo 2, deterioro cognitivo, entre otros.<\/p>\n\n\n\n<p><strong>El estudio sugiere una mayor investigaci\u00f3n sobre los niveles de vitamina D y su v\u00ednculo con la mala salud, ya que puede ser un \u00e1rea prometedora para futuras investigaciones.<\/strong><\/p>\n\n\n\n<p>Existen varias formas, o metabolitos, de vitamina D en el cuerpo, pero es la cantidad total de estos metabolitos la que se usa con m\u00e1s frecuencia para evaluar el estado de vitamina D de las personas. La prohormona 25-dihidroxivitamina D se convierte en 1,25-dihidroxivitamina D, que se considera la forma activa de vitamina D en nuestro cuerpo.<\/p>\n\n\n\n<p>Sin embargo, M\u00e1s del 99% de todos los metabolitos de la vitamina D en nuestra sangre est\u00e1n unidos a prote\u00ednas, por lo que solo una fracci\u00f3n muy peque\u00f1a est\u00e1 libre para ser biol\u00f3gicamente activa. Esto podria explicar por qu\u00e9 las formas libres y activas de la vitamina pueden ser un mejor predictor de la salud actual y futura.<\/p>\n\n\n\n<h2 class=\"wp-block-heading\"><strong>Deficiencia de vitamina D<\/strong><\/h2>\n\n\n\n<p>Durante la investigaci\u00f3n se analizaron los datos recopilados del Estudio Europeo de Envejecimiento Masculino, que se recopil\u00f3 de 1.970 hombres residentes en la comunidad, de entre 40 y 79 a\u00f1os entre 2003 y 2005.<\/p>\n\n\n\n<p>Los niveles de metabolitos totales y libres de vitamina D se compararon con su estado de salud actual, ajustando por factores como edad, \u00edndice de masa corporal, tabaquismo y salud autoinformada. <\/p>\n\n\n\n<p>Los niveles totales de metabolitos de vitamina D libres y unidos se asociaron con un mayor riesgo de muerte. Sin embargo, solo la 25-hidroxivitamina D libre <strong>fue predictiva de <\/strong>problemas de salud futuros y no la 1,25-dihidroxivitamina D libre.<\/p>\n\n\n\n<p>La doctora Antonio explica que &#8220;estos datos confirman adem\u00e1s que la deficiencia de vitamina D se asocia con un impacto negativo en la salud general y puede predecir un mayor riesgo de muerte&#8221;. &#8220;La mayor\u00eda de los estudios se centran en la asociaci\u00f3n entre los niveles totales de 25-hidroxivitamina D y la enfermedad y la mortalidad relacionadas con la edad. Como la 1,25-dihidroxivitamina D es la forma activa de vitamina D en nuestro cuerpo, era posible que pudiera haber sido un predictor m\u00e1s fuerte para la enfermedad y la mortalidad. Tambi\u00e9n se ha debatido si deben medirse los niveles de vitamina D total o libre. Nuestros datos ahora sugieren que los niveles de 25-hidroxivitamina D total y libre son la mejor medida del riesgo futuro para la salud en los hombres&#8221;, dice la doctora.<\/p>\n","protected":false},"excerpt":{"rendered":"<p>Un nuevo avance en la ciencia indic\u00f3 que los niveles de vitamina D libre y circulante en el torrente sangu\u00edneo pueden ser un buen predictor del riesgo futuro de salud y enfermedad en hombres mayores.\u00a0\u00a0 Leen Antonio, doctora de los Hospitales Universitarios de Lovaina en B\u00e9lgica y un equipo de investigadores europeos llevaron a cabo [&hellip;]<\/p>\n","protected":false},"author":3,"featured_media":428,"comment_status":"closed","ping_status":"open","sticky":false,"template":"","format":"standard","meta":{"footnotes":""},"categories":[2,6,16],"tags":[198,375],"class_list":["post-427","post","type-post","status-publish","format-standard","has-post-thumbnail","hentry","category-ciencia","category-internacional","category-tecnologia","tag-hombres-mayores","tag-vitamina-d"],"_links":{"self":[{"href":"https:\/\/noticias.saludtv.com.ar\/index.php?rest_route=\/wp\/v2\/posts\/427","targetHints":{"allow":["GET"]}}],"collection":[{"href":"https:\/\/noticias.saludtv.com.ar\/index.php?rest_route=\/wp\/v2\/posts"}],"about":[{"href":"https:\/\/noticias.saludtv.com.ar\/index.php?rest_route=\/wp\/v2\/types\/post"}],"author":[{"embeddable":true,"href":"https:\/\/noticias.saludtv.com.ar\/index.php?rest_route=\/wp\/v2\/users\/3"}],"replies":[{"embeddable":true,"href":"https:\/\/noticias.saludtv.com.ar\/index.php?rest_route=%2Fwp%2Fv2%2Fcomments&post=427"}],"version-history":[{"count":0,"href":"https:\/\/noticias.saludtv.com.ar\/index.php?rest_route=\/wp\/v2\/posts\/427\/revisions"}],"wp:featuredmedia":[{"embeddable":true,"href":"https:\/\/noticias.saludtv.com.ar\/index.php?rest_route=\/"}],"wp:attachment":[{"href":"https:\/\/noticias.saludtv.com.ar\/index.php?rest_route=%2Fwp%2Fv2%2Fmedia&parent=427"}],"wp:term":[{"taxonomy":"category","embeddable":true,"href":"https:\/\/noticias.saludtv.com.ar\/index.php?rest_route=%2Fwp%2Fv2%2Fcategories&post=427"},{"taxonomy":"post_tag","embeddable":true,"href":"https:\/\/noticias.saludtv.com.ar\/index.php?rest_route=%2Fwp%2Fv2%2Ftags&post=427"}],"curies":[{"name":"wp","href":"https:\/\/api.w.org\/{rel}","templated":true}]}}