{"id":458,"date":"2020-09-27T08:00:00","date_gmt":"2020-09-27T11:00:00","guid":{"rendered":"https:\/\/noticias.saludtv.com.ar\/?p=458"},"modified":"2020-09-27T08:00:00","modified_gmt":"2020-09-27T11:00:00","slug":"primavera-temporada-de-alergias","status":"publish","type":"post","link":"https:\/\/noticias.saludtv.com.ar\/?p=458","title":{"rendered":"Primavera, temporada de alergias."},"content":{"rendered":"\n<p>La llegada de la primavera es uno de los momentos m\u00e1s esperados del a\u00f1o para muchas personas, pero para los al\u00e9rgicos suele ser un per\u00edodo complicado, ya que se trata de <strong>la estaci\u00f3n m\u00e1s problem\u00e1tica porque aumenta la concentraci\u00f3n de al\u00e9rgenos como \u00e1caros, polvo, moho, polen, entre otros, poniendo de manifiesto una gran cantidad de patolog\u00edas respiratorias.\u00a0<\/strong><\/p>\n\n\n\n<p>En primer lugar, hay que tener en cuenta que si bien existen diferentes causas y cuadros,<strong>\u00a0la alergia puede definirse como una reacci\u00f3n exacerbada del sistema inmunitario a una sustancia que su cuerpo identifica como invasor, al cual llamamos al\u00e9rgeno<\/strong>. Ante esta presencia, el organismo genera anticuerpos que producen histamina, agente responsable de los s\u00edntomas que ocasionan el malestar.<\/p>\n\n\n\n<p><strong>Seg\u00fan el Reporte Mundial de Alergias de la Organizaci\u00f3n Mundial de la Salud, la rinitis al\u00e9rgica es una de las afecciones cr\u00f3nicas m\u00e1s comunes a nivel global y por lo general persiste durante toda la vida.<\/strong> Esta problem\u00e1tica afecta a m\u00e1s del 40% de los adultos y su prevalencia ha aumentado en el \u00faltimo siglo. Comparada con otras enfermedades, la rinitis al\u00e9rgica no parece seria o grave, ya que no est\u00e1 asociada a manifestaciones severas o mortalidad, pero tiene un elevado impacto negativo en la calidad de vida de los pacientes que la padecen.<\/p>\n\n\n\n<p>Los s\u00edntomas de esta enfermedad son estornudos, rinorrea (mucosidad que sale por la nariz), obstrucci\u00f3n nasal y picaz\u00f3n nasal. El goteo posnasal, (mucosidad que cae por la parte posterior de la garganta), la tos, la irritabilidad y la fatiga son otros s\u00edntomas comunes. Algunos pacientes tambi\u00e9n experimentan picaz\u00f3n en el paladar y el o\u00eddo interno. Las personas con conjuntivitis al\u00e9rgica concomitante tambi\u00e9n pueden experimentar picaz\u00f3n en ambos ojos, lagrimeo y \/ o ardor.<\/p>\n\n\n\n<p>Las alergias son m\u00e1s frecuentes en primavera ya que a las personas al\u00e9rgicas el estallido del polen de las plantas y las esporas de los hongos que se multiplican en esta estaci\u00f3n del a\u00f1o le declaran la guerra a su superficie ocular. El incremento de actividades al aire libre permite que \u00e9stos entren en contacto con las mucosas de los ojos, nariz y pulmones.<\/p>\n\n\n\n<p>La rinitis al\u00e9rgica es causada por una reacci\u00f3n nasal a peque\u00f1as part\u00edculas en el aire llamadas al\u00e9rgenos (sustancias que provocan una reacci\u00f3n al\u00e9rgica). En algunas personas, estas part\u00edculas tambi\u00e9n causan reacciones en los pulmones (asma) y los ojos (conjuntivitis al\u00e9rgica).<\/p>\n\n\n\n<p>Los al\u00e9rgenos que m\u00e1s com\u00fanmente causan rinitis al\u00e9rgica estacional incluyen p\u00f3lenes de \u00e1rboles, pastos y malezas. Los al\u00e9rgenos que m\u00e1s com\u00fanmente causan rinitis al\u00e9rgica perenne (durante todo el a\u00f1o) son los \u00e1caros del polvo, las cucarachas, la caspa de animales y los hongos o mohos.<\/p>\n\n\n\n<p>Factores de riesgo:<\/p>\n\n\n\n<p>* Antecedentes familiares de atopia (estado al\u00e9rgico).<\/p>\n\n\n\n<p>* Los hombres son m\u00e1s propensos a tener alergias.<\/p>\n\n\n\n<p>* Nacimiento durante la temporada de polinizaci\u00f3n.<\/p>\n\n\n\n<p>* Uso temprano de antibi\u00f3ticos.<\/p>\n\n\n\n<p>* Madre fumadora durante el primer a\u00f1o de vida.<\/p>\n\n\n\n<p>* Exposici\u00f3n a al\u00e9rgenos de interior, como el al\u00e9rgeno de los \u00e1caros del polvo.<\/p>\n\n\n\n<p>Existen diversas l\u00edneas de tratamiento m\u00e9dico para ayudar a sobrellevar estos cuadros; la consulta al especialista determinar\u00e1 qu\u00e9 tratamientos son los mejores para cada caso.<\/p>\n\n\n\n<p>El m\u00e9dico puede diagnosticar la rinitis al\u00e9rgica haciendo un examen f\u00edsico de la nariz y faringe (garganta). Determinadas pruebas m\u00e9dicas espec\u00edficas confirman el diagn\u00f3stico y pueden identificar los al\u00e9rgenos nocivos. La identificaci\u00f3n de estos y otros factores desencadenantes a menudo es posible haciendo memoria de d\u00f3nde estaba y qu\u00e9 estaba haciendo antes de que comenzaran los s\u00edntomas, adem\u00e1s de identificar la \u00e9poca del a\u00f1o durante la cual ha notado los s\u00edntomas.<\/p>\n\n\n\n<p>Entre los tratamientos para la rinitis al\u00e9rgica m\u00e1s frecuentes se encuentran:<\/p>\n\n\n\n<p>* La reducci\u00f3n de la exposici\u00f3n a los al\u00e9rgenos y otros desencadenantes en combinaci\u00f3n con la terapia farmacol\u00f3gica.<\/p>\n\n\n\n<p>* Aerosoles nasales de glucocorticoides: tienen pocos efectos secundarios y alivian los s\u00edntomas en la mayor\u00eda de las personas.<\/p>\n\n\n\n<p>* Antihistam\u00ednicos: alivian la picaz\u00f3n, los estornudos y la secreci\u00f3n nasal de la rinitis al\u00e9rgica, pero no alivian la congesti\u00f3n nasal.<\/p>\n\n\n\n<p>Se recomienda evitar el uso de descongestivos nasales t\u00f3picos &#8220;a demanda&#8221; y si los s\u00edntomas persisten o se hacen m\u00e1s intensos consultar con un especialista.<\/p>\n","protected":false},"excerpt":{"rendered":"<p>La llegada de la primavera es uno de los momentos m\u00e1s esperados del a\u00f1o para muchas personas, pero para los al\u00e9rgicos suele ser un per\u00edodo complicado, ya que se trata de la estaci\u00f3n m\u00e1s problem\u00e1tica porque aumenta la concentraci\u00f3n de al\u00e9rgenos como \u00e1caros, polvo, moho, polen, entre otros, poniendo de manifiesto una gran cantidad de [&hellip;]<\/p>\n","protected":false},"author":4,"featured_media":460,"comment_status":"closed","ping_status":"open","sticky":false,"template":"","format":"standard","meta":{"footnotes":""},"categories":[9],"tags":[33,34,35,299],"class_list":["post-458","post","type-post","status-publish","format-standard","has-post-thumbnail","hentry","category-salud-ambiental","tag-alergeno","tag-alergenos","tag-alergias","tag-primavera"],"_links":{"self":[{"href":"https:\/\/noticias.saludtv.com.ar\/index.php?rest_route=\/wp\/v2\/posts\/458","targetHints":{"allow":["GET"]}}],"collection":[{"href":"https:\/\/noticias.saludtv.com.ar\/index.php?rest_route=\/wp\/v2\/posts"}],"about":[{"href":"https:\/\/noticias.saludtv.com.ar\/index.php?rest_route=\/wp\/v2\/types\/post"}],"author":[{"embeddable":true,"href":"https:\/\/noticias.saludtv.com.ar\/index.php?rest_route=\/wp\/v2\/users\/4"}],"replies":[{"embeddable":true,"href":"https:\/\/noticias.saludtv.com.ar\/index.php?rest_route=%2Fwp%2Fv2%2Fcomments&post=458"}],"version-history":[{"count":0,"href":"https:\/\/noticias.saludtv.com.ar\/index.php?rest_route=\/wp\/v2\/posts\/458\/revisions"}],"wp:featuredmedia":[{"embeddable":true,"href":"https:\/\/noticias.saludtv.com.ar\/index.php?rest_route=\/"}],"wp:attachment":[{"href":"https:\/\/noticias.saludtv.com.ar\/index.php?rest_route=%2Fwp%2Fv2%2Fmedia&parent=458"}],"wp:term":[{"taxonomy":"category","embeddable":true,"href":"https:\/\/noticias.saludtv.com.ar\/index.php?rest_route=%2Fwp%2Fv2%2Fcategories&post=458"},{"taxonomy":"post_tag","embeddable":true,"href":"https:\/\/noticias.saludtv.com.ar\/index.php?rest_route=%2Fwp%2Fv2%2Ftags&post=458"}],"curies":[{"name":"wp","href":"https:\/\/api.w.org\/{rel}","templated":true}]}}