{"id":475,"date":"2020-10-01T09:34:01","date_gmt":"2020-10-01T12:34:01","guid":{"rendered":"https:\/\/noticias.saludtv.com.ar\/?p=475"},"modified":"2020-10-01T09:34:01","modified_gmt":"2020-10-01T12:34:01","slug":"el-intercambio-genetico-clave-para-la-adaptacion-al-cambio-climatico","status":"publish","type":"post","link":"https:\/\/noticias.saludtv.com.ar\/?p=475","title":{"rendered":"El intercambio gen\u00e9tico, clave para la adaptaci\u00f3n al cambio clim\u00e1tico"},"content":{"rendered":"\n<p><strong>El cambio clim\u00e1tico est\u00e1 provocando que cada vez m\u00e1s poblaciones experimenten condiciones ambientales al l\u00edmite de su capacidad de supervivencia.<\/strong> El impacto que esto puede tener sobre las poblaciones est\u00e1 estrechamente relacionado con el lugar donde se encuentran, lo que en ecolog\u00eda se conoce como rango de distribuci\u00f3n y en donde se distinguen dos zonas: centrales y marginales. Las zonas centrales son aqu\u00e9llas donde las condiciones ambientales son presumiblemente \u00f3ptimas para la especie, mientas que en las marginales se dan condiciones ambientales m\u00e1s severas.<\/p>\n\n\n\n<p>El estudio liderado por el \u00e1rea de Biodiversidad y Conservaci\u00f3n de la Universidad Rey Juan Carlos (URJC), en colaboraci\u00f3n con el \u00e1rea de Ecolog\u00eda de la Universidad de Alcal\u00e1 y el Grupo de Ecotoxicolog\u00eda de la Contaminaci\u00f3n del Aire del CIEMAT,<strong> ha tenido como objetivo evaluar el efecto del flujo de genes entre poblaciones que habitan zonas centrales y marginales y la capacidad de adaptaci\u00f3n de unas y otras. Adem\u00e1s, ha valorado si dichas adaptaciones pueden resultar valiosas para la supervivencia de la especie frente al cambio clim\u00e1tico. Los resultados revelan el potencial adaptativo de las poblaciones que habitan \u00e1reas marginales.<\/strong><\/p>\n\n\n\n<p>\u201cNuestros resultados muestran que el flujo de genes entre poblaciones marginales proporciona un mayor \u00e9xito de germinaci\u00f3n y supervivencia para las poblaciones marginales al aumentar la diversidad gen\u00e9tica y proporcionar alelos favorables y\/o combinaciones gen\u00e9ticas con capacidad de adaptarse en tales \u00e1reas\u201d, explica Javier Morente L\u00f3pez, investigador de la URJC y primer autor del estudio. \u201cAdem\u00e1s, los resultados tambi\u00e9n destacan la elevada capacidad de adaptaci\u00f3n de las poblaciones marginales, ya que \u00e9stas mostraron mejor comportamiento tanto en \u00e1reas \u00f3ptimas como marginales\u201d.<\/p>\n\n\n\n<p>Para llevar a cabo la investigaci\u00f3n, el equipo cient\u00edfico ha testado experimentalmente los efectos de tres tipos diferentes de flujo de genes en poblaciones marginales de la especie&nbsp;<em>Silene ciliata<\/em>&nbsp;Pourr. (Caryophyllaceae), una especie de planta alpina mediterr\u00e1nea. \u201cPara simular el flujo gen\u00e9tico realizamos manualmente polinizaciones dentro de las propias poblaciones marginales, entre diferentes poblaciones marginales y entre poblaciones \u00f3ptimas y marginales. Las semillas resultantes de estas polinizaciones fueron sembradas en zonas marginales donde se sit\u00faan las poblaciones naturales de&nbsp;<em>S. ciliata<\/em>&nbsp;consideradas en este estudio, con el fin de conocer los efectos diferenciales de los tres tipos de flujo gen\u00e9tico bajo las condiciones naturales que experimenta la especie\u201d, detalla el investigador de la URJC.<\/p>\n\n\n\n<p>Adem\u00e1s, el equipo ha llevado a cabo un experimento de siembra rec\u00edproca para conocer su capacidad de adaptaci\u00f3n. Para ello, ha sembrado semillas de poblaciones naturales \u00f3ptimas y marginales en un ambiente contrario al suyo. Con este ensayo, los cient\u00edficos pudieron medir la tasa de germinaci\u00f3n de las semillas y evaluar la supervivencia de los primeros brotes.<\/p>\n\n\n\n<p>La investigaci\u00f3n pone de manifiesto la utilidad de las poblaciones marginales como fuente de genes para otras poblaciones de la misma especie que sean incapaces de adaptarse a unas condiciones ambientales marginales generadas por el cambio clim\u00e1tico, aumentando las posibilidades de que una especie sobreviva y se adapte con \u00e9xito al cambio clim\u00e1tico. \u201cNuestros resultados sugieren que el valor adaptativo de las poblaciones marginales puede ser de gran relevancia en un contexto de cambio clim\u00e1tico\u201d, apunta Javier Morente L\u00f3pez. \u201cPor ello, las poblaciones marginales tambi\u00e9n poseen un elevado valor de conservaci\u00f3n\u201d.<\/p>\n","protected":false},"excerpt":{"rendered":"<p>El cambio clim\u00e1tico est\u00e1 provocando que cada vez m\u00e1s poblaciones experimenten condiciones ambientales al l\u00edmite de su capacidad de supervivencia. El impacto que esto puede tener sobre las poblaciones est\u00e1 estrechamente relacionado con el lugar donde se encuentran, lo que en ecolog\u00eda se conoce como rango de distribuci\u00f3n y en donde se distinguen dos zonas: [&hellip;]<\/p>\n","protected":false},"author":3,"featured_media":477,"comment_status":"closed","ping_status":"open","sticky":false,"template":"","format":"standard","meta":{"footnotes":""},"categories":[9],"tags":[80,187,297],"class_list":["post-475","post","type-post","status-publish","format-standard","has-post-thumbnail","hentry","category-salud-ambiental","tag-cambio-climatico","tag-genes","tag-poblaciones"],"_links":{"self":[{"href":"https:\/\/noticias.saludtv.com.ar\/index.php?rest_route=\/wp\/v2\/posts\/475","targetHints":{"allow":["GET"]}}],"collection":[{"href":"https:\/\/noticias.saludtv.com.ar\/index.php?rest_route=\/wp\/v2\/posts"}],"about":[{"href":"https:\/\/noticias.saludtv.com.ar\/index.php?rest_route=\/wp\/v2\/types\/post"}],"author":[{"embeddable":true,"href":"https:\/\/noticias.saludtv.com.ar\/index.php?rest_route=\/wp\/v2\/users\/3"}],"replies":[{"embeddable":true,"href":"https:\/\/noticias.saludtv.com.ar\/index.php?rest_route=%2Fwp%2Fv2%2Fcomments&post=475"}],"version-history":[{"count":0,"href":"https:\/\/noticias.saludtv.com.ar\/index.php?rest_route=\/wp\/v2\/posts\/475\/revisions"}],"wp:featuredmedia":[{"embeddable":true,"href":"https:\/\/noticias.saludtv.com.ar\/index.php?rest_route=\/"}],"wp:attachment":[{"href":"https:\/\/noticias.saludtv.com.ar\/index.php?rest_route=%2Fwp%2Fv2%2Fmedia&parent=475"}],"wp:term":[{"taxonomy":"category","embeddable":true,"href":"https:\/\/noticias.saludtv.com.ar\/index.php?rest_route=%2Fwp%2Fv2%2Fcategories&post=475"},{"taxonomy":"post_tag","embeddable":true,"href":"https:\/\/noticias.saludtv.com.ar\/index.php?rest_route=%2Fwp%2Fv2%2Ftags&post=475"}],"curies":[{"name":"wp","href":"https:\/\/api.w.org\/{rel}","templated":true}]}}