{"id":509,"date":"2020-10-07T08:00:00","date_gmt":"2020-10-07T11:00:00","guid":{"rendered":"https:\/\/noticias.saludtv.com.ar\/?p=509"},"modified":"2020-10-07T08:00:00","modified_gmt":"2020-10-07T11:00:00","slug":"covid-19-y-diabetes","status":"publish","type":"post","link":"https:\/\/noticias.saludtv.com.ar\/?p=509","title":{"rendered":"Covid-19 y diabetes"},"content":{"rendered":"\n<p><strong>Durante el encuentro anual de la Asociaci\u00f3n Europea para el Estudio de Diabetes se present\u00f3 evidencia del impacto que el nuevo coronavirus tiene en las personas con diabetes. En la Argentina, esta enfermedad es la comorbilidad m\u00e1s frecuente en fallecidos por Covid-19 menores de 60 a\u00f1os. <\/strong><\/p>\n\n\n\n<p>La enfermedad por Covid 19 fue definida como pandemia por la Organizaci\u00f3n Mundial de la Salud el 11 de marzo del 2020. En un largo semestre, la medicina est\u00e1 aprendiendo sobre la marcha.<\/p>\n\n\n\n<p>En nuestro pa\u00eds se hace cada vez m\u00e1s dif\u00edcil hacer respetar el aislamiento social, que es lo m\u00e1s concreto que tenemos en prevenir contagios. Las personas con afecciones m\u00e9dicas preexistentes como la diabetes, han mostrado ser m\u00e1s vulnerables a la infecci\u00f3n por Covid, y por ello se las incluye entre los grupos de riesgo.<\/p>\n\n\n\n<p>Reportes epidemiol\u00f3gicos internacionales arrojan que en la poblaci\u00f3n general, el 85% de los que se infecten ser\u00e1n asintom\u00e1ticos o con s\u00edntomas leves y el 15% desarrollaran enfermedad y la tercera parte de ellos formas graves.<\/p>\n\n\n\n<p><strong>Por otro lado, en la pr\u00e1ctica m\u00e9dica personal estamos viendo aparici\u00f3n de diabetes en el contexto de enfermarse por Covid, lo que sugiere su agresi\u00f3n directa al p\u00e1ncreas por mecanismos que se est\u00e1n dilucidando.<\/strong><\/p>\n\n\n\n<p><strong>La revista The Lancet Diabetes &amp; Endocrinology public\u00f3 en su ultima edici\u00f3n una encuesta realizada en Reino Unido, que report\u00f3 que el 30% de las muertes debidas al Covid, ocurri\u00f3 en personas con diabetes y los niveles altos de glucosa en sangre se asociaron a malos resultados. <\/strong>Aquellos con diabetes tipo 1 ten\u00edan un riesgo de muerte casi tres veces mayor y aquellas con diabetes tipo 2 casi dos veces mayor de evoluci\u00f3n fatal. Datos similares fueron aportados en el congreso europeo de diabetes en septiembre.<\/p>\n\n\n\n<p>En nuestro pa\u00eds, la revista Argentina de Salud P\u00fablica, en su edici\u00f3n del 4 de agosto y en base a los primeros 116.974 casos present\u00f3 que la hipertensi\u00f3n arterial fue la comorbilidad m\u00e1s informada en casos confirmados de Covid (15,8%) y en fallecidos de m\u00e1s de 60 a\u00f1os (58,7%) .Mientras que, en fallecidos menores a los 60 a\u00f1os, la comorbilidad m\u00e1s frecuente fue la diabetes. Tres de cada diez (29,9%) de los muertos &#8220;j\u00f3venes&#8221; por Covid ten\u00edan esta enfermedad.<\/p>\n\n\n\n<p><strong>Cuando las personas con diabetes desarrollan enfermedad por Covid, se vio mejor pron\u00f3stico en aquellos que ten\u00edan valores satisfactorios y estables de glucosa en sangre.<\/strong><\/p>\n\n\n\n<p>El 12,7 % de las personas mayores de 18 a\u00f1os en Argentina tiene diabetes. Ante esto, desde el \u00e1mbito laboral, tanto p\u00fablico como privado, es imperativo respetar las pautas legislativas vigentes, garantizar en id\u00e9nticos \u00e1mbitos la oportuna provisi\u00f3n de medicamentos e insumos. <\/p>\n\n\n\n<p>Sabemos que un mejor estado metab\u00f3lico minimiza que la infecci\u00f3n se convierta en enfermedad por Covid 19 y que en caso de enfermarse tenga mejor evoluci\u00f3n. Un desaf\u00edo para la persona y la sociedad que la contiene.<\/p>\n\n\n\n<p>Algunas recomendaciones especiales para las personas con diabetes que se plasmaron en las consideraciones la Task force de desastres de la Federaci\u00f3n Internacional de diabetes para Sur y Centro Am\u00e9rica: cumplir estrictamente las recomendaciones m\u00e9dicas, que incluyen saber cuando concurrir a instituciones hospitalarias o convocar a servicios de salud; asegurarse de tener, a tiempo, suficientes medicamentos e insumos; estar conectados con asociaciones dedicadas al cuidado de la diabetes y personas con id\u00e9ntica condici\u00f3n ante demoras o problemas log\u00edsticos en la provisi\u00f3n habitual; tener a mano productos azucarados para afrontar hipoglucemias; estar atentos y acatar las recomendaciones que emanen de las autoridades competentes.<\/p>\n","protected":false},"excerpt":{"rendered":"<p>Durante el encuentro anual de la Asociaci\u00f3n Europea para el Estudio de Diabetes se present\u00f3 evidencia del impacto que el nuevo coronavirus tiene en las personas con diabetes. En la Argentina, esta enfermedad es la comorbilidad m\u00e1s frecuente en fallecidos por Covid-19 menores de 60 a\u00f1os. La enfermedad por Covid 19 fue definida como pandemia [&hellip;]<\/p>\n","protected":false},"author":5,"featured_media":510,"comment_status":"closed","ping_status":"open","sticky":false,"template":"","format":"standard","meta":{"footnotes":""},"categories":[3,8],"tags":[109,129,276,279],"class_list":["post-509","post","type-post","status-publish","format-standard","has-post-thumbnail","hentry","category-coronavirus","category-nacional","tag-covid-19","tag-diabetes","tag-oms","tag-organizacion-mundial-de-la-salud"],"_links":{"self":[{"href":"https:\/\/noticias.saludtv.com.ar\/index.php?rest_route=\/wp\/v2\/posts\/509","targetHints":{"allow":["GET"]}}],"collection":[{"href":"https:\/\/noticias.saludtv.com.ar\/index.php?rest_route=\/wp\/v2\/posts"}],"about":[{"href":"https:\/\/noticias.saludtv.com.ar\/index.php?rest_route=\/wp\/v2\/types\/post"}],"author":[{"embeddable":true,"href":"https:\/\/noticias.saludtv.com.ar\/index.php?rest_route=\/wp\/v2\/users\/5"}],"replies":[{"embeddable":true,"href":"https:\/\/noticias.saludtv.com.ar\/index.php?rest_route=%2Fwp%2Fv2%2Fcomments&post=509"}],"version-history":[{"count":0,"href":"https:\/\/noticias.saludtv.com.ar\/index.php?rest_route=\/wp\/v2\/posts\/509\/revisions"}],"wp:featuredmedia":[{"embeddable":true,"href":"https:\/\/noticias.saludtv.com.ar\/index.php?rest_route=\/"}],"wp:attachment":[{"href":"https:\/\/noticias.saludtv.com.ar\/index.php?rest_route=%2Fwp%2Fv2%2Fmedia&parent=509"}],"wp:term":[{"taxonomy":"category","embeddable":true,"href":"https:\/\/noticias.saludtv.com.ar\/index.php?rest_route=%2Fwp%2Fv2%2Fcategories&post=509"},{"taxonomy":"post_tag","embeddable":true,"href":"https:\/\/noticias.saludtv.com.ar\/index.php?rest_route=%2Fwp%2Fv2%2Ftags&post=509"}],"curies":[{"name":"wp","href":"https:\/\/api.w.org\/{rel}","templated":true}]}}