{"id":517,"date":"2020-10-09T08:00:00","date_gmt":"2020-10-09T11:00:00","guid":{"rendered":"https:\/\/noticias.saludtv.com.ar\/?p=517"},"modified":"2020-10-09T08:00:00","modified_gmt":"2020-10-09T11:00:00","slug":"sindrome-de-las-piernas-inquietas-sin-diagnosticar-hasta-un-90-de-los-casos","status":"publish","type":"post","link":"https:\/\/noticias.saludtv.com.ar\/?p=517","title":{"rendered":"S\u00edndrome de las piernas inquietas: sin diagnosticar hasta un 90% de los casos"},"content":{"rendered":"\n<p><strong>El s\u00edndrome de las piernas inquietas es una patolog\u00eda neurol\u00f3gica cr\u00f3nica que constituye uno de los trastornos del movimiento m\u00e1s comune<\/strong>s. Es una patolog\u00eda con poco porcentaje de diagn\u00f3stico y en muchos casos tard\u00edo, ya que aproximadamente un 90% de los afectados podr\u00edan estar sin diagnosticar. <\/p>\n\n\n\n<p><strong>Tambi\u00e9n conocida como\u00a0enfermedad de Willis-Ekbom,\u00a0se caracteriza porque los pacientes tienen la necesidad urgente de mover las piernas.<\/strong> Esto les provoca molestias, dolor y malestar.<\/p>\n\n\n\n<p><strong>Estos s\u00edntomas, que pueden mejorar o desaparecer con el movimiento, suelen presentarse cuando el paciente se encuentra en estado de reposo, sentado o tumbado.<\/strong><\/p>\n\n\n\n<p>Por ello, es muy frecuente que\u00a0los s\u00edntomas empeoren al atardecer o durante la noche. Como consecuencia, los pacientes experimentan interrupci\u00f3n del sue\u00f1o, problemas para dormir o somnolencia diurna.<\/p>\n\n\n\n<p>\u201cLa gran mayor\u00eda de los pacientes que padecen esta enfermedad suelen consultar por primera vez al m\u00e9dico bien por padecer insomnio o debido a la dificultad para conciliar o mantener el sue\u00f1o\u201d, explica el doctor Pablo Mir, coordinador del Grupo de Estudio de Trastornos del Movimiento de la Sociedad Espa\u00f1ola de Neurolog\u00eda.<\/p>\n\n\n\n<p>Siguiendo al doctor, es importante resaltar que no debe percibirse esta enfermedad como un trastorno del sue\u00f1o, <strong>ya que es una enfermedad cr\u00f3nica que impacta fuertemente sobre la calidad de vida de los pacientes  y cuyos s\u00edntomas pueden afectar tambi\u00e9n a las manos y al tronco, en cualquier momento del d\u00eda. <\/strong><\/p>\n\n\n\n<h2 class=\"wp-block-heading\">Retraso en el diagn\u00f3stico<\/h2>\n\n\n\n<p><strong>El s\u00edndrome de piernas inquietas es frecuente en la edad adulta, pero tambi\u00e9n en la adolescencia e infancia<\/strong>. De hecho, un 25% de los pacientes comienzan a experimentar s\u00edntomas de la enfermedad a edades tempranas.<\/p>\n\n\n\n<p>En Europa se estima que entre un 5 y un 10 % de la poblaci\u00f3n adulta y entre un 2 y 4 % de adolescentes padecen esta enfermedad neurol\u00f3gica. A esto hay que a\u00f1adir que\u00a0<strong>hasta un 20 % de los casos sufren una forma grave<\/strong>\u00a0de esta patolog\u00eda. En estos casos, los s\u00edntomas suelen empezar antes de los 20 a\u00f1os.<\/p>\n\n\n\n<p>Actualmente, adem\u00e1s del alto n\u00famero de casos que hay sin diagnosticar, pueden transcurrir periodos de incluso 10 a\u00f1os hasta que se realiza un diagn\u00f3stico correcto de la enfermedad.<\/p>\n\n\n\n<p>Los retrasos m\u00e1s frecuentes que existen son en la edad pedi\u00e1trica. Estos se dan principalmente por la incapacidad tanto del ni\u00f1o como de los padres de identificar los s\u00edntomas, que en ocasiones son interpretados como un exceso de energ\u00eda o inquietud. <\/p>\n\n\n\n<p>Adem\u00e1s, cuando el s\u00edndrome de piernas inquietas se inicia en edades tempranas los s\u00edntomas no siempre aparecen por la noche. Pueden aparecer en cualquier momento del d\u00eda y especialmente cuando los ni\u00f1os est\u00e1n sentados.<\/p>\n\n\n\n<h2 class=\"wp-block-heading\">\u00bfCu\u00e1les son los s\u00edntomas del s\u00edndrome de las piernas inquietas?<\/h2>\n\n\n\n<p><strong>El curso del s\u00edndrome es progresivo. Los pacientes, al inicio pasan por etapas de mejor\u00eda y empeoramiento de los s\u00edntomas. Con el paso del tiempo estos van empeorando, siendo cada vez m\u00e1s intensos, pudiendo manifestarse en cualquier momento del d\u00eda. <\/strong><\/p>\n\n\n\n<p>\u201cComo consecuencia, padecer dolor intenso, insomnio, depresi\u00f3n y\/o ansiedad es muy frecuente entre los pacientes. Pero tambi\u00e9n incide en las relaciones sociales y laborales y en general, en la calidad de vida del paciente\u201d, apunta el doctor Mir.<\/p>\n\n\n\n<p>Es muy importante el diagn\u00f3stico precoz para mejorar la calidad de vida de los afectados, la comorbilidad (dos o m\u00e1s trastornos que concurren en una misma persona) y reducir el impacto laboral asociado a la enfermedad.<\/p>\n\n\n\n<p>Por estos motivos, el coordinador del Grupo de Estudio de Trastornos del Movimiento recomienda llevar a cabo actividades motoras o terapias enfocadas a mejorar la salud mental, ya que pueden mejorar los s\u00edntomas.<\/p>\n\n\n\n<p>Tambi\u00e9n hay que tener en cuenta que algunos s\u00edntomas del s\u00edndrome pueden producirse como consecuencia secundaria a otras patolog\u00edas como lo son el d\u00e9ficit de hierro, embarazo, problemas renales, diabetes, enfermedades neurodegenerativas o enfermedades psiqui\u00e1tricas, entre otros.<\/p>\n\n\n\n<p>Los s\u00edntomas de la enfermedad son frecuentes principalmente en pacientes que presentan insuficiencia renal (hasta en un 50 % de los casos), en mujeres embarazadas (19 %) y en personas que sufren p\u00e1rkinson, esclerosis m\u00faltiple, migra\u00f1a, neuropat\u00edas, etc.<\/p>\n\n\n\n<p>Algunos f\u00e1rmacos como\u00a0los antihistam\u00ednicos, antidepresivos o antidopamin\u00e9rgicos pueden desencadenar o agravar los s\u00edntomas.<\/p>\n","protected":false},"excerpt":{"rendered":"<p>El s\u00edndrome de las piernas inquietas es una patolog\u00eda neurol\u00f3gica cr\u00f3nica que constituye uno de los trastornos del movimiento m\u00e1s comunes. Es una patolog\u00eda con poco porcentaje de diagn\u00f3stico y en muchos casos tard\u00edo, ya que aproximadamente un 90% de los afectados podr\u00edan estar sin diagnosticar. Tambi\u00e9n conocida como\u00a0enfermedad de Willis-Ekbom,\u00a0se caracteriza porque los pacientes [&hellip;]<\/p>\n","protected":false},"author":3,"featured_media":523,"comment_status":"closed","ping_status":"open","sticky":false,"template":"","format":"standard","meta":{"footnotes":""},"categories":[5],"tags":[289,333,381],"class_list":["post-517","post","type-post","status-publish","format-standard","has-post-thumbnail","hentry","category-el-trabajo-en-la-salud","tag-patologia-neurologica","tag-sindrome-de-las-piernas-inquietas","tag-willis-ekbom"],"_links":{"self":[{"href":"https:\/\/noticias.saludtv.com.ar\/index.php?rest_route=\/wp\/v2\/posts\/517","targetHints":{"allow":["GET"]}}],"collection":[{"href":"https:\/\/noticias.saludtv.com.ar\/index.php?rest_route=\/wp\/v2\/posts"}],"about":[{"href":"https:\/\/noticias.saludtv.com.ar\/index.php?rest_route=\/wp\/v2\/types\/post"}],"author":[{"embeddable":true,"href":"https:\/\/noticias.saludtv.com.ar\/index.php?rest_route=\/wp\/v2\/users\/3"}],"replies":[{"embeddable":true,"href":"https:\/\/noticias.saludtv.com.ar\/index.php?rest_route=%2Fwp%2Fv2%2Fcomments&post=517"}],"version-history":[{"count":0,"href":"https:\/\/noticias.saludtv.com.ar\/index.php?rest_route=\/wp\/v2\/posts\/517\/revisions"}],"wp:featuredmedia":[{"embeddable":true,"href":"https:\/\/noticias.saludtv.com.ar\/index.php?rest_route=\/"}],"wp:attachment":[{"href":"https:\/\/noticias.saludtv.com.ar\/index.php?rest_route=%2Fwp%2Fv2%2Fmedia&parent=517"}],"wp:term":[{"taxonomy":"category","embeddable":true,"href":"https:\/\/noticias.saludtv.com.ar\/index.php?rest_route=%2Fwp%2Fv2%2Fcategories&post=517"},{"taxonomy":"post_tag","embeddable":true,"href":"https:\/\/noticias.saludtv.com.ar\/index.php?rest_route=%2Fwp%2Fv2%2Ftags&post=517"}],"curies":[{"name":"wp","href":"https:\/\/api.w.org\/{rel}","templated":true}]}}