{"id":536,"date":"2020-10-11T08:00:00","date_gmt":"2020-10-11T11:00:00","guid":{"rendered":"https:\/\/noticias.saludtv.com.ar\/?p=536"},"modified":"2020-10-11T08:00:00","modified_gmt":"2020-10-11T11:00:00","slug":"vision-el-exceso-de-pantallas-repercute-en-la-salud-de-los-ojos","status":"publish","type":"post","link":"https:\/\/noticias.saludtv.com.ar\/?p=536","title":{"rendered":"Visi\u00f3n: el exceso de pantallas repercute en la salud de los ojos"},"content":{"rendered":"\n<p>Este 8 de octubre se celebr\u00f3 el D\u00eda Mundial de la Visi\u00f3n. El lema de la campa\u00f1a de este a\u00f1o fue &#8220;Visi\u00f3n Primero&#8221; para concientizar que m\u00e1s de mil millones de personas en el mundo no pueden ver bien porque no tienen acceso a anteojos. <\/p>\n\n\n\n<p>El Dr. Rogelio Ribes Escudero, m\u00e9dico oftalm\u00f3logo, especialista en c\u00f3rnea y superficie ocular., y Jefe del equipo de trasplante de c\u00f3rnea del Hospital Alem\u00e1n, resalt\u00f3 que casi un tercio de la poblaci\u00f3n, es decir unos 2200 millones de personas, tienen alg\u00fan tipo de deficiencia visual o ceguera, de las cuales al menos mil millones poseen una carencia visual que podr\u00eda haberse evitado o que a\u00fan no ha sido tratada.<\/p>\n\n\n\n<p>Seg\u00fan la Organizaci\u00f3n Mundial de la Salud (OMS), los problemas m\u00e1s frecuentes son miop\u00eda (2600 millones de personas), presbicia (1800 millones), degeneraci\u00f3n macular (196 millones), retinopat\u00eda diab\u00e9tica (146 millones), glaucoma (76 millones) y tracoma (2,5 millones).<\/p>\n\n\n\n<p>Este a\u00f1o, el d\u00eda mundial de la visi\u00f3n nos encuentra confinados y con los ojos pegados a una pantalla ya sea celular, televisor, computadora o tablet. Los efectos de estos equipos en los ojos se pueden dividir en tres: los que acontecen en las l\u00e1grimas y superficie ocular, los producidos por la luz emitida y los que repercuten en los lentes propios de los ojos.<\/p>\n\n\n\n<p>Cuando realizamos una actividad en donde se fija la vista de cerca, los parpadeos disminuyen a la mitad y decrece la difusi\u00f3n de la l\u00e1grima sobre la superficie ocular, raz\u00f3n por la cual se genera un ojo seco. Esta es una patolog\u00eda cada vez m\u00e1s frecuente y los tratamientos actuales se orientan a aumentar la calidad y cantidad de l\u00e1grimas.\u00a0<\/p>\n\n\n\n<p>Respecto de la luz azul, a\u00fan no queda claro si esta luz que emiten los dispositivos electr\u00f3nicos es de suficiente intensidad para provocar da\u00f1o retinal. Lo que s\u00ed se sabe es que puede disminuir la s\u00edntesis de melatonina, la hormona inductora del sue\u00f1o. Por eso, se recomienda no utilizarlos, al menos, 2-3 horas antes de dormir.<\/p>\n\n\n\n<p>Por otro lado, el empleo de estos dispositivos genera un esfuerzo en el m\u00fasculo ciliar, que es el encargado de realizar el enfoque de cerca. Al contraerse, aumenta las dioptr\u00edas de magnificaci\u00f3n del cristalino, proceso conocido como acomodaci\u00f3n. El problema es que se pasa tanto tiempo haciendo actividades de cerca que se genera un espasmo y contractura de este m\u00fasculo, promoviendo visi\u00f3n borrosa transitoria y cefaleas en pacientes j\u00f3venes. Es como ejercitar un mismo m\u00fasculo en el gimnasio durante 8 a 10 horas por d\u00eda, en alg\u00fan momento se va a acalambrar. Por eso, la Academia Americana de Oftalmolog\u00eda sugiere que se adhiera a la regla &#8220;20-20-20&#8221;: cada 20 minutos, tomar un descanso de 20 segundos y ver algo a m\u00e1s de 6 metros.<\/p>\n","protected":false},"excerpt":{"rendered":"<p>Este 8 de octubre se celebr\u00f3 el D\u00eda Mundial de la Visi\u00f3n. El lema de la campa\u00f1a de este a\u00f1o fue &#8220;Visi\u00f3n Primero&#8221; para concientizar que m\u00e1s de mil millones de personas en el mundo no pueden ver bien porque no tienen acceso a anteojos. El Dr. Rogelio Ribes Escudero, m\u00e9dico oftalm\u00f3logo, especialista en c\u00f3rnea [&hellip;]<\/p>\n","protected":false},"author":5,"featured_media":537,"comment_status":"closed","ping_status":"open","sticky":false,"template":"","format":"standard","meta":{"footnotes":""},"categories":[5,17],"tags":[276,279,286,373],"class_list":["post-536","post","type-post","status-publish","format-standard","has-post-thumbnail","hentry","category-el-trabajo-en-la-salud","category-vida-saludable","tag-oms","tag-organizacion-mundial-de-la-salud","tag-pantalla","tag-vision"],"_links":{"self":[{"href":"https:\/\/noticias.saludtv.com.ar\/index.php?rest_route=\/wp\/v2\/posts\/536","targetHints":{"allow":["GET"]}}],"collection":[{"href":"https:\/\/noticias.saludtv.com.ar\/index.php?rest_route=\/wp\/v2\/posts"}],"about":[{"href":"https:\/\/noticias.saludtv.com.ar\/index.php?rest_route=\/wp\/v2\/types\/post"}],"author":[{"embeddable":true,"href":"https:\/\/noticias.saludtv.com.ar\/index.php?rest_route=\/wp\/v2\/users\/5"}],"replies":[{"embeddable":true,"href":"https:\/\/noticias.saludtv.com.ar\/index.php?rest_route=%2Fwp%2Fv2%2Fcomments&post=536"}],"version-history":[{"count":0,"href":"https:\/\/noticias.saludtv.com.ar\/index.php?rest_route=\/wp\/v2\/posts\/536\/revisions"}],"wp:featuredmedia":[{"embeddable":true,"href":"https:\/\/noticias.saludtv.com.ar\/index.php?rest_route=\/"}],"wp:attachment":[{"href":"https:\/\/noticias.saludtv.com.ar\/index.php?rest_route=%2Fwp%2Fv2%2Fmedia&parent=536"}],"wp:term":[{"taxonomy":"category","embeddable":true,"href":"https:\/\/noticias.saludtv.com.ar\/index.php?rest_route=%2Fwp%2Fv2%2Fcategories&post=536"},{"taxonomy":"post_tag","embeddable":true,"href":"https:\/\/noticias.saludtv.com.ar\/index.php?rest_route=%2Fwp%2Fv2%2Ftags&post=536"}],"curies":[{"name":"wp","href":"https:\/\/api.w.org\/{rel}","templated":true}]}}