{"id":637,"date":"2020-11-02T08:00:00","date_gmt":"2020-11-02T11:00:00","guid":{"rendered":"https:\/\/noticias.saludtv.com.ar\/?p=637"},"modified":"2020-11-02T08:00:00","modified_gmt":"2020-11-02T11:00:00","slug":"el-acv-cada-minuto-cuenta","status":"publish","type":"post","link":"https:\/\/noticias.saludtv.com.ar\/?p=637","title":{"rendered":"El ACV: cada minuto cuenta"},"content":{"rendered":"\n<p><strong>El Accidente Cerebrovascular (ACV), una patolog\u00eda que seg\u00fan la Organizaci\u00f3n Mundial de la Salud (OMS) representa la segunda causa de muerte y la primera de discapacidad entre los adultos a nivel global. <\/strong><\/p>\n\n\n\n<p>El Dr. Maximo Zimerman, neur\u00f3logo y director m\u00e9dico de Centro CITES-INECO se\u00f1al\u00f3 &#8220;el accidente cerebrovascular (ACV) es una enfermedad catastr\u00f3fica, en gran medida podemos evitar su aparici\u00f3n previniendo y controlando los factores de riesgo vasculares. Podemos mejorar los s\u00edntomas y disminuir su mortalidad si actuamos de manera r\u00e1pida, oportuna y eficientemente. <strong>El ACV se recupera mediante un programa interdisciplinario, coordinado y estructurado de neurorrehabilitaci\u00f3n&#8221;.<\/strong><\/p>\n\n\n\n<p><strong>El ACV se produce por una disminuci\u00f3n brusca de flujo sangu\u00edneo al cerebro. Esto se puede originar por una obstrucci\u00f3n de una de las arterias que llevan sangre al cerebro y ah\u00ed hablamos de ACV isqu\u00e9mico, o por una ruptura de un vaso con extravasaci\u00f3n de sangre y ah\u00ed hablamos de ACV hemorr\u00e1gico. El 80% de los ACV son isqu\u00e9micos.<\/strong><\/p>\n\n\n\n<p>El ACV es una emergencia y por lo tanto cada minuto que se pierde compromete el \u00e9xito del tratamiento. Este tratamiento \u00fanicamente puede implementarse en las primeras horas de ocurrido el ACV, mediante una medicaci\u00f3n que permite disolver el trombo y\/o mediante cateterismo.<\/p>\n\n\n\n<p>Actualmente y en el contexto de pandemia, existe &#8220;temor de contagio de Covid 19 ocasionando una significativa demora y disminuci\u00f3n de las consultas de los pacientes en las guardias de los hospitales. Los pacientes consultan en la actualidad con cuadros evolucionados y con imposibilidad de brindarles un tratamiento oportuno&#8221; resalta el doctor. <\/p>\n\n\n\n<p>La World Stroke Organization demostr\u00f3 con una encuesta realizada en abril que estamos ante un fen\u00f3meno global y preocupante. Ya que se observo una disminuci\u00f3n de aproximadamente un 40% de consultas de pacientes cursando un ACV agudo con respecto a igual periodo del a\u00f1o pasado.<\/p>\n\n\n\n<p>Sin dudas, la detecci\u00f3n a tiempo y una pronta atenci\u00f3n m\u00e9dica siguen siendo claves fundamentales para reducir de manera significativas secuelas neurol\u00f3gicas y la mortalidad por ACV.<\/p>\n\n\n\n<p>Existen tres signos principales del ACV que se observan a simple vista en el cuerpo; se debe prestar especial atenci\u00f3n al habla, los brazos y en la sonrisa. Si la persona se expresa con dificultad o le cuesta articular su discurso, levanta ambos brazos hacia adelante y uno de ellos cae o sonr\u00ede de forma asim\u00e9trica, es fundamental llamar inmediatamente a una ambulancia.<\/p>\n\n\n\n<p><strong>El ataque cerebrovascular se puede prevenir ya que el 80% de ellos est\u00e1n vinculados a factores de riesgo que pueden evitarse a trav\u00e9s de conductas saludables. <\/strong>Entre ellos se destacan:<\/p>\n\n\n\n<p>\u2022 Presi\u00f3n arterial elevada<\/p>\n\n\n\n<p>\u2022 Diabetes<\/p>\n\n\n\n<p>\u2022 Sedentarismo<\/p>\n\n\n\n<p>\u2022 Obesidad<\/p>\n\n\n\n<p>\u2022 Arritmia cardiaca: Fibrilaci\u00f3n auricular<\/p>\n\n\n\n<p>\u2022 Tabaquismo<\/p>\n\n\n\n<p>\u2022 Colesterol elevado<\/p>\n\n\n\n<p>\u2022 Dieta poco saludable<\/p>\n\n\n\n<p>\u2022 Uso de alcohol y drogas de abuso<\/p>\n\n\n\n<p>Una gran cantidad de pacientes consultan por las secuelas de un ACV que sufrieron hace a\u00f1os, con la convicci\u00f3n de que es demasiado tarde para observar una mejor\u00eda. Muchos refieren haber realizado rehabilitaci\u00f3n pero que &#8220;hace a\u00f1os&#8221; no hacen nada, y temen haber llegado a una &#8220;meseta&#8221;. Sin embargo, un paciente con secuelas puede mejorar con un programa interdisciplinario y especialmente dise\u00f1ado de neurorrehabilitaci\u00f3n.<\/p>\n\n\n\n<p>La ciencia detr\u00e1s de la neurorrehabilitaci\u00f3n es la neuroplasticidad, y describe la facultad del sistema nervioso de cambiar su estructura y funcionamiento como reacci\u00f3n a las diversas situaciones y entrenamiento. Este potencial adaptativo permite al cerebro reponerse de lesiones adquiridas, como el caso del ACV, disminuyendo la discapacidad y las secuelas.<\/p>\n\n\n\n<p>Asimismo, es importante tener en cuenta que tambi\u00e9n los pacientes con secuelas subagudas y cr\u00f3nicas luego del ACV se vieron perjudicados por la pandemia. Estos pacientes se vieron comprometidos por la interrupci\u00f3n abrupta de los programas estructurados de rehabilitaci\u00f3n neurol\u00f3gica. La tele-consulta y tele-rehabilitaci\u00f3n instaurada por un equipo interdisciplinario es un elemento de utilidad que permiti\u00f3 en gran cantidad de nuestro pacientes continuar en contacto con el equipo tratante desde sus casas.<\/p>\n","protected":false},"excerpt":{"rendered":"<p>El Accidente Cerebrovascular (ACV), una patolog\u00eda que seg\u00fan la Organizaci\u00f3n Mundial de la Salud (OMS) representa la segunda causa de muerte y la primera de discapacidad entre los adultos a nivel global. El Dr. Maximo Zimerman, neur\u00f3logo y director m\u00e9dico de Centro CITES-INECO se\u00f1al\u00f3 &#8220;el accidente cerebrovascular (ACV) es una enfermedad catastr\u00f3fica, en gran medida [&hellip;]<\/p>\n","protected":false},"author":2,"featured_media":645,"comment_status":"closed","ping_status":"open","sticky":false,"template":"","format":"standard","meta":{"footnotes":""},"categories":[5,8,17],"tags":[20,25,109,276],"class_list":["post-637","post","type-post","status-publish","format-standard","has-post-thumbnail","hentry","category-el-trabajo-en-la-salud","category-nacional","category-vida-saludable","tag-accidente-cerebrovascular","tag-acv","tag-covid-19","tag-oms"],"_links":{"self":[{"href":"https:\/\/noticias.saludtv.com.ar\/index.php?rest_route=\/wp\/v2\/posts\/637","targetHints":{"allow":["GET"]}}],"collection":[{"href":"https:\/\/noticias.saludtv.com.ar\/index.php?rest_route=\/wp\/v2\/posts"}],"about":[{"href":"https:\/\/noticias.saludtv.com.ar\/index.php?rest_route=\/wp\/v2\/types\/post"}],"author":[{"embeddable":true,"href":"https:\/\/noticias.saludtv.com.ar\/index.php?rest_route=\/wp\/v2\/users\/2"}],"replies":[{"embeddable":true,"href":"https:\/\/noticias.saludtv.com.ar\/index.php?rest_route=%2Fwp%2Fv2%2Fcomments&post=637"}],"version-history":[{"count":0,"href":"https:\/\/noticias.saludtv.com.ar\/index.php?rest_route=\/wp\/v2\/posts\/637\/revisions"}],"wp:featuredmedia":[{"embeddable":true,"href":"https:\/\/noticias.saludtv.com.ar\/index.php?rest_route=\/"}],"wp:attachment":[{"href":"https:\/\/noticias.saludtv.com.ar\/index.php?rest_route=%2Fwp%2Fv2%2Fmedia&parent=637"}],"wp:term":[{"taxonomy":"category","embeddable":true,"href":"https:\/\/noticias.saludtv.com.ar\/index.php?rest_route=%2Fwp%2Fv2%2Fcategories&post=637"},{"taxonomy":"post_tag","embeddable":true,"href":"https:\/\/noticias.saludtv.com.ar\/index.php?rest_route=%2Fwp%2Fv2%2Ftags&post=637"}],"curies":[{"name":"wp","href":"https:\/\/api.w.org\/{rel}","templated":true}]}}