{"id":655,"date":"2020-11-07T08:00:00","date_gmt":"2020-11-07T11:00:00","guid":{"rendered":"https:\/\/noticias.saludtv.com.ar\/?p=655"},"modified":"2020-11-07T08:00:00","modified_gmt":"2020-11-07T11:00:00","slug":"covid-19-y-estado-nutricional","status":"publish","type":"post","link":"https:\/\/noticias.saludtv.com.ar\/?p=655","title":{"rendered":"COVID-19 y estado nutricional"},"content":{"rendered":"\n<p><strong>El estado nutricional de los pacientes presenta un papel fundamental en el desenlace de diferentes enfermedades infecciosas.<\/strong> Se sabe que el sistema inmunol\u00f3gico se ve muy afectado por la malnutrici\u00f3n, lo que conlleva una disminuci\u00f3n de las respuestas inmunol\u00f3gicas y con ello, el consiguiente incremento del riesgo de infecci\u00f3n y de la gravedad de la enfermedad. La composici\u00f3n corporal, especialmente una baja masa magra y una adiposidad alta, se ha vinculado de forma importante con el empeoramiento del pron\u00f3stico en muchas enfermedades.<\/p>\n\n\n\n<p><strong>Un art\u00edculo publicado en&nbsp;Advances in Nutrition&nbsp;sobre la enfermedad del coronavirus, la COVID-2019 y el estado nutricional describe la evidencia sobre el impacto del estado nutricional en relaci\u00f3n con las infecciones virales. <\/strong>Principalmente se expone el papel del estado nutricional y la COVID-19, desde el enfoque de la obesidad y la desnutrici\u00f3n (malnutrici\u00f3n por defecto). <strong>Por otra parte, se muestra la relaci\u00f3n entre el envejecimiento, la nutrici\u00f3n y la COVID-19, dando especialmente importancia a su asociaci\u00f3n con la sarcopenia.<\/strong> La&nbsp;sarcopenia&nbsp;es una enfermedad progresiva y generalizada del m\u00fasculo esquel\u00e9tico, caracterizada por una disminuci\u00f3n de la fuerza muscular, de la masa muscular y finalmente del rendimiento f\u00edsico<\/p>\n\n\n\n<p>Las modificaciones en los h\u00e1bitos alimenticios y en los factores relacionados con los estilos de vida, debido a la cuarentena y a el aislamiento social, puede conducir a un deterioro del estado nutricional. La obesidad y la comorbilidad relacionada est\u00e1n asociadas con alteraciones fisiol\u00f3gicas que predisponen a una mayor susceptibilidad a la infecci\u00f3n, de la patogenicidad y de la transmisi\u00f3n por la COVID-19. Se recomienda que los profesionales sanitarios aconsejen a las personas mejorar su estilo de vida para disminuir los riesgos tanto de la actual como en las siguientes olas por la COVID-19.<\/p>\n\n\n\n<p><strong>Los h\u00e1bitos saludables son importantes no s\u00f3lo para asegurar una respuesta inmunol\u00f3gica \u00f3ptima, sino para prevenir y tratar la desnutrici\u00f3n, la obesidad y la comorbilidad relacionadas con la COVID-19. La poblaci\u00f3n debe recibir un asesoramiento sobre el impacto del estado nutricional en los resultados relacionados con la COVID-19. La nutrici\u00f3n debe considerarse en las pol\u00edticas de salud destinadas a disminuir el impacto de la COVID-19<\/strong>.<\/p>\n","protected":false},"excerpt":{"rendered":"<p>El estado nutricional de los pacientes presenta un papel fundamental en el desenlace de diferentes enfermedades infecciosas. Se sabe que el sistema inmunol\u00f3gico se ve muy afectado por la malnutrici\u00f3n, lo que conlleva una disminuci\u00f3n de las respuestas inmunol\u00f3gicas y con ello, el consiguiente incremento del riesgo de infecci\u00f3n y de la gravedad de la [&hellip;]<\/p>\n","protected":false},"author":4,"featured_media":664,"comment_status":"closed","ping_status":"open","sticky":false,"template":"","format":"standard","meta":{"footnotes":""},"categories":[3,17],"tags":[109,240,270],"class_list":["post-655","post","type-post","status-publish","format-standard","has-post-thumbnail","hentry","category-coronavirus","category-vida-saludable","tag-covid-19","tag-malnutricion","tag-nutricion"],"_links":{"self":[{"href":"https:\/\/noticias.saludtv.com.ar\/index.php?rest_route=\/wp\/v2\/posts\/655","targetHints":{"allow":["GET"]}}],"collection":[{"href":"https:\/\/noticias.saludtv.com.ar\/index.php?rest_route=\/wp\/v2\/posts"}],"about":[{"href":"https:\/\/noticias.saludtv.com.ar\/index.php?rest_route=\/wp\/v2\/types\/post"}],"author":[{"embeddable":true,"href":"https:\/\/noticias.saludtv.com.ar\/index.php?rest_route=\/wp\/v2\/users\/4"}],"replies":[{"embeddable":true,"href":"https:\/\/noticias.saludtv.com.ar\/index.php?rest_route=%2Fwp%2Fv2%2Fcomments&post=655"}],"version-history":[{"count":0,"href":"https:\/\/noticias.saludtv.com.ar\/index.php?rest_route=\/wp\/v2\/posts\/655\/revisions"}],"wp:featuredmedia":[{"embeddable":true,"href":"https:\/\/noticias.saludtv.com.ar\/index.php?rest_route=\/"}],"wp:attachment":[{"href":"https:\/\/noticias.saludtv.com.ar\/index.php?rest_route=%2Fwp%2Fv2%2Fmedia&parent=655"}],"wp:term":[{"taxonomy":"category","embeddable":true,"href":"https:\/\/noticias.saludtv.com.ar\/index.php?rest_route=%2Fwp%2Fv2%2Fcategories&post=655"},{"taxonomy":"post_tag","embeddable":true,"href":"https:\/\/noticias.saludtv.com.ar\/index.php?rest_route=%2Fwp%2Fv2%2Ftags&post=655"}],"curies":[{"name":"wp","href":"https:\/\/api.w.org\/{rel}","templated":true}]}}