{"id":684,"date":"2020-11-11T08:00:00","date_gmt":"2020-11-11T11:00:00","guid":{"rendered":"https:\/\/noticias.saludtv.com.ar\/?p=684"},"modified":"2020-11-11T08:00:00","modified_gmt":"2020-11-11T11:00:00","slug":"dengue-y-covid-19-semejanzas-y-diferencias-de-dos-enfermedades-de-gran-compromiso-social","status":"publish","type":"post","link":"https:\/\/noticias.saludtv.com.ar\/?p=684","title":{"rendered":"Dengue y Covid 19: semejanzas y diferencias de dos enfermedades de gran compromiso social"},"content":{"rendered":"\n<p><strong>El Gobierno nacional lanz\u00f3 la campa\u00f1a nacional para el abordaje integral del dengue, que contar\u00e1 como pilares estrat\u00e9gicos con medidas espec\u00edficas y articuladas con las jurisdicciones para la prevenci\u00f3n durante todo el a\u00f1o, la contenci\u00f3n frente a los primeros casos y el control de los brotes. Al respecto y sobre las similitudes entre los s\u00edntomas del dengue y el Covid 19 opin\u00f3 Osvaldo F. Teglia, profesor adjunto de la materia Enfermedades Infecciosas en la Facultad de Ciencias Biom\u00e9dicas de la Universidad Austral.<\/strong><\/p>\n\n\n\n<p><strong>Al comienzo de la enfermedad, el dengue y Covid 19 se manifiestan de una forma similar. Debutan con fiebre y dolores musculares.<\/strong> En casos severos, el dengue puede causar hemorragias, y Covid 19 compromiso pulmonar de jerarqu\u00eda. En las dos pueden presentarse fallas de m\u00faltiples \u00f3rganos. Otro paralelismo es no poseer tratamiento espec\u00edfico y albergar esperanzas en una soluci\u00f3n definitiva por intermedio de la vacunaci\u00f3n universal. Tambi\u00e9n les es com\u00fan, que se est\u00e9 solicitando un gran compromiso a la poblaci\u00f3n para tratar de mitigar su propagaci\u00f3n.<\/p>\n\n\n\n<p>La primera epidemia mundial de dengue data de 1780 y fue trascendental en su expansi\u00f3n el comercio a trav\u00e9s de barcos a vela entre puertos tropicales, rol que ocuparon los aviones con el Covid 19.<\/p>\n\n\n\n<p>Las personas se infectan de Dengue a trav\u00e9s de la picadura de mosquitos de la especie Aedes Aegypti hembra. Estas se reproducen depositando sus huevos en cualquier charco de agua limpia, que sirve al desarrollo de nuevos mosquitos. Las condiciones clim\u00e1ticas de temperaturas c\u00e1lidas estivales explican la existencia de brotes y m\u00e1s casos durante esta estaci\u00f3n. La naturaleza de ciertas ciudades latinoamericanas parece decisiva en la propagaci\u00f3n del Dengue por el aumento de una urbanizaci\u00f3n desorganizada con \u00e1reas de saneamiento deficiente.<\/p>\n\n\n\n<p>Distinto al dengue, el nuevo coronavirus es altamente contagioso y se transmite por el aire. De una manera no tan eficaz a trav\u00e9s de macrogotas expulsadas desde un enfermo al toser, estornudar y tambi\u00e9n por gotitas m\u00e1s peque\u00f1as capaces de alcanzar distancias mayores y permanecer m\u00e1s tiempo en el aire, incluso hasta horas. <\/p>\n\n\n\n<p>Parece un desaf\u00edo para el verano amalgamar recomendaciones ambientales que unifiquen el control de ambos microorganismos. La intensidad de las actividades al aire libre favorece la transmisi\u00f3n del dengue y a la poblaci\u00f3n se le aconseja al respecto el uso de repelentes y se le indica que los \u00e1mbitos cerrados con mosquiteros o aire acondicionado son seguros.<\/p>\n\n\n\n<p>Dentro de las claves para el control de Covid 19 se encuentra el distanciamiento social, adem\u00e1s de priorizarse la estancia al aire libre sin aglomeraci\u00f3n de personas. Se debe tener especial cuidado con reuniones en el hogar, salones de fiestas, aconsej\u00e1ndose el uso de ventilaci\u00f3n natural con ventanas abiertas; para traer as\u00ed aire fresco y limpio exterior que disminuya las concentraciones contaminantes potenciales de SARS Cov 2. Pr\u00e1cticas \u00e9stas que parecen contrapuestas a aquellas destinadas al control del dengue.<\/p>\n\n\n\n<p>Si bien las dos enfermedades pueden afectar cualquier persona, la vulnerabilidad social parece contribuir con el dengue, as\u00ed como la edad mayor a 60 a\u00f1os y ciertas enfermedades intercurrentes son factores de riesgo para Covid 19.<\/p>\n\n\n\n<p><strong>La poblaci\u00f3n debe tomar conciencia de que las conductas preventivas parecen ser la \u00fanica barrera para asegurarnos poder mantenernos saludables frente a estas enfermedades, siendo indispensable la responsabilidad y participaci\u00f3n activa. <\/strong>La salud es un bien de todos, y como tal debemos hacer el m\u00e1ximo esfuerzo como comunidad para preservarlo, debiendo tener presente que las acciones que llevamos adelante para prevenir el contagio, cumplen tambi\u00e9n la funci\u00f3n social de no contagiar a nuestros semejantes.<\/p>\n","protected":false},"excerpt":{"rendered":"<p>El Gobierno nacional lanz\u00f3 la campa\u00f1a nacional para el abordaje integral del dengue, que contar\u00e1 como pilares estrat\u00e9gicos con medidas espec\u00edficas y articuladas con las jurisdicciones para la prevenci\u00f3n durante todo el a\u00f1o, la contenci\u00f3n frente a los primeros casos y el control de los brotes. Al respecto y sobre las similitudes entre los s\u00edntomas [&hellip;]<\/p>\n","protected":false},"author":5,"featured_media":685,"comment_status":"closed","ping_status":"open","sticky":false,"template":"","format":"standard","meta":{"footnotes":""},"categories":[3,8,9],"tags":[109,110,123],"class_list":["post-684","post","type-post","status-publish","format-standard","has-post-thumbnail","hentry","category-coronavirus","category-nacional","category-salud-ambiental","tag-covid-19","tag-covid19","tag-dengue"],"_links":{"self":[{"href":"https:\/\/noticias.saludtv.com.ar\/index.php?rest_route=\/wp\/v2\/posts\/684","targetHints":{"allow":["GET"]}}],"collection":[{"href":"https:\/\/noticias.saludtv.com.ar\/index.php?rest_route=\/wp\/v2\/posts"}],"about":[{"href":"https:\/\/noticias.saludtv.com.ar\/index.php?rest_route=\/wp\/v2\/types\/post"}],"author":[{"embeddable":true,"href":"https:\/\/noticias.saludtv.com.ar\/index.php?rest_route=\/wp\/v2\/users\/5"}],"replies":[{"embeddable":true,"href":"https:\/\/noticias.saludtv.com.ar\/index.php?rest_route=%2Fwp%2Fv2%2Fcomments&post=684"}],"version-history":[{"count":0,"href":"https:\/\/noticias.saludtv.com.ar\/index.php?rest_route=\/wp\/v2\/posts\/684\/revisions"}],"wp:featuredmedia":[{"embeddable":true,"href":"https:\/\/noticias.saludtv.com.ar\/index.php?rest_route=\/"}],"wp:attachment":[{"href":"https:\/\/noticias.saludtv.com.ar\/index.php?rest_route=%2Fwp%2Fv2%2Fmedia&parent=684"}],"wp:term":[{"taxonomy":"category","embeddable":true,"href":"https:\/\/noticias.saludtv.com.ar\/index.php?rest_route=%2Fwp%2Fv2%2Fcategories&post=684"},{"taxonomy":"post_tag","embeddable":true,"href":"https:\/\/noticias.saludtv.com.ar\/index.php?rest_route=%2Fwp%2Fv2%2Ftags&post=684"}],"curies":[{"name":"wp","href":"https:\/\/api.w.org\/{rel}","templated":true}]}}