{"id":687,"date":"2020-11-14T08:00:00","date_gmt":"2020-11-14T11:00:00","guid":{"rendered":"https:\/\/noticias.saludtv.com.ar\/?p=687"},"modified":"2020-11-14T08:00:00","modified_gmt":"2020-11-14T11:00:00","slug":"por-que-una-ley-especial-sobre-vih-hepatitis-virales-tuberculosis-e-its","status":"publish","type":"post","link":"https:\/\/noticias.saludtv.com.ar\/?p=687","title":{"rendered":"\u00bfPor qu\u00e9 una ley especial sobre VIH, hepatitis virales, tuberculosis e ITS?"},"content":{"rendered":"\n<p><strong>Se present\u00f3 por tercera vez el proyecto para una nueva ley nacional de respuesta integral al VIH, las Hepatitis virales, la Tuberculosis e infecciones de transmisi\u00f3n sexual, para ampliar derechos en materia de pol\u00edticas p\u00fablicas y acceso a la salud, centrado en una perspectiva de derechos humanos y g\u00e9neros y que modifique la mirada biom\u00e9dica de la ley 23.798 que ya cumpli\u00f3 treinta a\u00f1os.<\/strong><\/p>\n\n\n\n<p>Alberto Stella, director de ONUSIDA de Argentina, Chile, Paraguay, Uruguay remarc\u00f3 la importancia de actualizar esta normativa.<\/p>\n\n\n\n<p><strong>El informe de ONUSIDA sobre la epidemia mundial de sida publicado en julio de este a\u00f1o muestra que los objetivos establecidos en la Declaraci\u00f3n Pol\u00edtica de la Reuni\u00f3n de Alto Nivel de la Asamblea de las Naciones Unidas de 2016 para ir hacia el fin de la epidemia en 2030, no se cumplieron.<\/strong><\/p>\n\n\n\n<p>Se evidencia un progreso global notable, sobre todo en la expansi\u00f3n del acceso a la terapia antirretroviral; sin embargo, solo catorce pa\u00edses alcanzaron las metas de tratamiento 90\u201390\u201390 (que 90% de las personas que viven con el VIH conozcan su estado serol\u00f3gico; que el 90% de los que conocen su diagn\u00f3stico tengan acceso a tratamiento; y que el 90% de las personas en tratamiento tengan la carga viral suprimida).<\/p>\n\n\n\n<p>Los logros fueron significativamente desiguales entre pa\u00edses por las brechas que persisten en el acceso a servicios sociales b\u00e1sicos y en el ejercicio pleno de los derechos humanos. Se trata entonces de un problema de justicia social, el estigma y la discriminaci\u00f3n, la exclusi\u00f3n y las inequidades sociales siguen siendo, despu\u00e9s de cuarenta a\u00f1os de epidemia, los obst\u00e1culos m\u00e1s importantes para una respuesta eficaz, sostenida y en la perspectiva de derechos humanos.<\/p>\n\n\n\n<p>No muy dis\u00edmil es la situaci\u00f3n epidemiol\u00f3gica en relaci\u00f3n a las hepatitis virales, la tuberculosis y las infecciones de transmisi\u00f3n sexual. En todos los casos, las barreras al ejercicio de los derechos humanos y los determinantes sociales de la salud explican las desigualdades en salud.<\/p>\n\n\n\n<p><strong>Partiendo de estas evidencias y basados en el reconocimiento de la dignidad de las personas y el principio aplicable universalmente de no discriminaci\u00f3n como fundamentos esenciales de los derechos humanos, una ley especial como se present\u00f3 en la Argentina sobre VIH, tuberculosis, hepatitis virales e ITS es de particular importancia, no solo para garantizar el acceso a prevenci\u00f3n y tratamiento, sino tambi\u00e9n para trabajar asertivamente los determinantes sociales de la salud, es decir, proteger los derechos humanos y prohibir legalmente cualquier forma de discriminaci\u00f3n. <\/strong>Esto es fundamental para la sociedad en general y, especialmente, para las personas que viven o que est\u00e1n afectadas por una de estas infecciones y para las poblaciones en situaci\u00f3n de vulnerabilidad como personas Lgbtiq+, personas privadas de libertad, personas usuarias de drogas y trabajadoras y trabajadores sexuales, entre otras. Las medidas legales que garantizan la equidad y la inclusi\u00f3n dan contenido concreto al paradigma de la agenda 2030 &#8220;que nadie se quede atr\u00e1s&#8221;.<\/p>\n\n\n\n<p><strong>Una ley de esta naturaleza es producto de la participaci\u00f3n ciudadana a trav\u00e9s de organizaciones de Sociedad Civil y de grupos formal e informalmente constituidos con liderazgo social que, por el bien com\u00fan, proponen e impulsan importantes procesos de cambio hacia la pretendida universalidad de los derechos humanos, pilar fundamental de la cobertura sanitaria universal y del desarrollo sostenible.<\/strong><\/p>\n","protected":false},"excerpt":{"rendered":"<p>Se present\u00f3 por tercera vez el proyecto para una nueva ley nacional de respuesta integral al VIH, las Hepatitis virales, la Tuberculosis e infecciones de transmisi\u00f3n sexual, para ampliar derechos en materia de pol\u00edticas p\u00fablicas y acceso a la salud, centrado en una perspectiva de derechos humanos y g\u00e9neros y que modifique la mirada biom\u00e9dica [&hellip;]<\/p>\n","protected":false},"author":3,"featured_media":704,"comment_status":"closed","ping_status":"open","sticky":false,"template":"","format":"standard","meta":{"footnotes":""},"categories":[6,8],"tags":[195,219,235,278,358,371],"class_list":["post-687","post","type-post","status-publish","format-standard","has-post-thumbnail","hentry","category-internacional","category-nacional","tag-hepatitis-virales","tag-its","tag-ley-nacional","tag-onusida","tag-tuberculosis","tag-vih"],"_links":{"self":[{"href":"https:\/\/noticias.saludtv.com.ar\/index.php?rest_route=\/wp\/v2\/posts\/687","targetHints":{"allow":["GET"]}}],"collection":[{"href":"https:\/\/noticias.saludtv.com.ar\/index.php?rest_route=\/wp\/v2\/posts"}],"about":[{"href":"https:\/\/noticias.saludtv.com.ar\/index.php?rest_route=\/wp\/v2\/types\/post"}],"author":[{"embeddable":true,"href":"https:\/\/noticias.saludtv.com.ar\/index.php?rest_route=\/wp\/v2\/users\/3"}],"replies":[{"embeddable":true,"href":"https:\/\/noticias.saludtv.com.ar\/index.php?rest_route=%2Fwp%2Fv2%2Fcomments&post=687"}],"version-history":[{"count":0,"href":"https:\/\/noticias.saludtv.com.ar\/index.php?rest_route=\/wp\/v2\/posts\/687\/revisions"}],"wp:featuredmedia":[{"embeddable":true,"href":"https:\/\/noticias.saludtv.com.ar\/index.php?rest_route=\/"}],"wp:attachment":[{"href":"https:\/\/noticias.saludtv.com.ar\/index.php?rest_route=%2Fwp%2Fv2%2Fmedia&parent=687"}],"wp:term":[{"taxonomy":"category","embeddable":true,"href":"https:\/\/noticias.saludtv.com.ar\/index.php?rest_route=%2Fwp%2Fv2%2Fcategories&post=687"},{"taxonomy":"post_tag","embeddable":true,"href":"https:\/\/noticias.saludtv.com.ar\/index.php?rest_route=%2Fwp%2Fv2%2Ftags&post=687"}],"curies":[{"name":"wp","href":"https:\/\/api.w.org\/{rel}","templated":true}]}}