{"id":748,"date":"2020-12-02T08:00:00","date_gmt":"2020-12-02T11:00:00","guid":{"rendered":"https:\/\/noticias.saludtv.com.ar\/?p=748"},"modified":"2020-12-02T08:00:00","modified_gmt":"2020-12-02T11:00:00","slug":"en-la-lucha-contra-los-trastornos-alimentarios-hay-que-estar-pendiente-de-las-redes-sociales","status":"publish","type":"post","link":"https:\/\/noticias.saludtv.com.ar\/?p=748","title":{"rendered":"En la lucha contra los trastornos alimentarios hay que estar pendiente de las redes sociales"},"content":{"rendered":"\n<p>Conmemorar el D\u00eda Internacional de la Lucha contra los Trastornos de la Conducta Alimentaria (TCA) es importante para visibilizar la importancia de la prevenci\u00f3n y detecci\u00f3n precoz de este tipo de alteraciones alimentarias y huir de la estigmatizaci\u00f3n y el exceso de juicios sociales que, de forma frecuente, rodean a este tipo de enfermedades. Al respecto opinaron las Lic. en Nutrici\u00f3n de Agustina Murcho y Mara Fern\u00e1ndez, ambas especializadas en el tema (@nutricion.ag).<\/p>\n\n\n\n<p>El 30 de noviembre es el D\u00eda Internacional de la lucha contra los trastornos de la conducta alimentaria (TCA) que se identifica bajo el s\u00edmbolo de un lazo azul.<\/p>\n\n\n\n<p>A finales del a\u00f1o 2012 un grupo de administradoras de una cuenta de Facebook comenz\u00f3 una campa\u00f1a para apoyarse a s\u00ed mismas y a otros para concientizar sobre la lucha que atraviesan las personas que padecen trastornos de la conducta alimentaria.<\/p>\n\n\n\n<p>A esta iniciativa se sumaron otras p\u00e1ginas con caracter\u00edsticas similares y decidieron que el 30 de noviembre ser\u00eda ese d\u00eda en apoyo y solidaridad a las personas que enfrentan estos trastornos, as\u00ed como tambi\u00e9n a familiares y amigos.<\/p>\n\n\n\n<p>Argentina es el segundo pa\u00eds a nivel mundial con m\u00e1s casos de anorexia seg\u00fan un informe de Fundaci\u00f3n La Casita. La lucha contra el sufrimiento de quienes los padecen pone de relieve la importancia de pedir ayuda como el primer paso para superar el problema.<\/p>\n\n\n\n<p>Los trastornos de la conducta alimentaria son alteraciones y des\u00f3rdenes mentales que afectan a la ingesta y al peso de la persona que los padece. Entre los TCA m\u00e1s conocidos se encuentran la bulimia y la anorexia. A trav\u00e9s de estas enfermedades se esconden dificultades psicol\u00f3gicas graves y complejas que repercuten en el funcionamiento normal de la vida diaria de la persona enferma.<\/p>\n\n\n\n<p>Los factores causantes de los trastornos de comportamiento alimentarios son una combinaci\u00f3n de elementos psicol\u00f3gicos (influencias familiares y conflictos ps\u00edquicos) y sociales (influencias de sus pares y expectativas sociales). Afecta mayormente a mujeres, con una proporci\u00f3n de 9 mujeres por 1 hombre. No obstante, cada vez se observan m\u00e1s casos de hombres afectados con dichos trastornos.<\/p>\n\n\n\n<p>Una persona que sufra un TCA podr\u00e1 recuperarse y llevar una vida normal, aunque siempre se recomienda que el entorno cercano y la misma persona est\u00e9n atentos a sus comportamientos. En muchas ocasiones las personas se recuperan pero contin\u00faan ciertos pensamientos o conductas en relaci\u00f3n a la comida que es bueno observar e identificar, ante una posible reca\u00edda. En otros casos, las personas con TCA que nunca hicieron tratamiento son las que tienen una patolog\u00eda m\u00e1s cr\u00f3nica, si bien esto le ocurre a una minor\u00eda.<\/p>\n\n\n\n<p>La enfermedad debe tratarse desde su todo. Por este motivo se debe realizar un tratamiento interdisciplinario en donde participe la familia como apoyo y contenci\u00f3n. La delgadez extrema y la obsesi\u00f3n por el control de peso hacen que el comportamiento se vea alterado, conducta recurrente en una persona que padece un TCA.<\/p>\n\n\n\n<p>En la lucha contra los trastornos de la conducta alimentaria hay que estar muy pendiente de las redes sociales. Muchas personas buscan en redes sociales otras personas que sufran su trastorno alimenticio y la mala o desinformaci\u00f3n tambi\u00e9n puede repercutir y empeorar un caso de TCA.<\/p>\n\n\n\n<p>Es necesario que el entorno m\u00e1s cercano pueda detectar cuando una persona necesita ayuda por posibles trastornos con la alimentaci\u00f3n y ser atendido a tiempo por un equipo de profesionales especializados que podr\u00e1n contener y ayudar al paciente.<\/p>\n","protected":false},"excerpt":{"rendered":"<p>Conmemorar el D\u00eda Internacional de la Lucha contra los Trastornos de la Conducta Alimentaria (TCA) es importante para visibilizar la importancia de la prevenci\u00f3n y detecci\u00f3n precoz de este tipo de alteraciones alimentarias y huir de la estigmatizaci\u00f3n y el exceso de juicios sociales que, de forma frecuente, rodean a este tipo de enfermedades. Al [&hellip;]<\/p>\n","protected":false},"author":5,"featured_media":759,"comment_status":"closed","ping_status":"open","sticky":false,"template":"","format":"standard","meta":{"footnotes":""},"categories":[8,10,14,17],"tags":[48,75,308,356],"class_list":["post-748","post","type-post","status-publish","format-standard","has-post-thumbnail","hentry","category-nacional","category-salud-de-los-adolescentes","category-salud-mental","category-vida-saludable","tag-anorexia","tag-bulimia","tag-redes-sociales","tag-trastornos-alimentarios"],"_links":{"self":[{"href":"https:\/\/noticias.saludtv.com.ar\/index.php?rest_route=\/wp\/v2\/posts\/748","targetHints":{"allow":["GET"]}}],"collection":[{"href":"https:\/\/noticias.saludtv.com.ar\/index.php?rest_route=\/wp\/v2\/posts"}],"about":[{"href":"https:\/\/noticias.saludtv.com.ar\/index.php?rest_route=\/wp\/v2\/types\/post"}],"author":[{"embeddable":true,"href":"https:\/\/noticias.saludtv.com.ar\/index.php?rest_route=\/wp\/v2\/users\/5"}],"replies":[{"embeddable":true,"href":"https:\/\/noticias.saludtv.com.ar\/index.php?rest_route=%2Fwp%2Fv2%2Fcomments&post=748"}],"version-history":[{"count":0,"href":"https:\/\/noticias.saludtv.com.ar\/index.php?rest_route=\/wp\/v2\/posts\/748\/revisions"}],"wp:featuredmedia":[{"embeddable":true,"href":"https:\/\/noticias.saludtv.com.ar\/index.php?rest_route=\/"}],"wp:attachment":[{"href":"https:\/\/noticias.saludtv.com.ar\/index.php?rest_route=%2Fwp%2Fv2%2Fmedia&parent=748"}],"wp:term":[{"taxonomy":"category","embeddable":true,"href":"https:\/\/noticias.saludtv.com.ar\/index.php?rest_route=%2Fwp%2Fv2%2Fcategories&post=748"},{"taxonomy":"post_tag","embeddable":true,"href":"https:\/\/noticias.saludtv.com.ar\/index.php?rest_route=%2Fwp%2Fv2%2Ftags&post=748"}],"curies":[{"name":"wp","href":"https:\/\/api.w.org\/{rel}","templated":true}]}}