{"id":781,"date":"2020-12-21T11:41:00","date_gmt":"2020-12-21T14:41:00","guid":{"rendered":"https:\/\/noticias.saludtv.com.ar\/?p=781"},"modified":"2020-12-21T11:41:00","modified_gmt":"2020-12-21T14:41:00","slug":"la-salud-publica-como-camino-hacia-la-salud-universal","status":"publish","type":"post","link":"https:\/\/noticias.saludtv.com.ar\/?p=781","title":{"rendered":"La salud p\u00fablica como camino hacia la salud universal"},"content":{"rendered":"\n<p><strong>La cobertura universal de salud se ha incluido en los nuevos Objetivos de Desarrollo Sostenible adoptados por las Naciones Unidas. <\/strong>Al respecto opin\u00f3 Enrique P\u00e9rez Guti\u00e9rrez, representante en Argentina de la Organizaci\u00f3n Panamericana de la Salud\/Organizaci\u00f3n Mundial de la Salud (OPS\/OMS).<\/p>\n\n\n\n<p>El desaf\u00edo global impuesto por la pandemia de Covid 19 durante este a\u00f1o, requiere una nueva forma de ver la salud para realmente valorarla como derecho humano fundamental. La experiencia sin precedentes que vive el mundo entero la convierte tambi\u00e9n en una prioridad que debe comprometer a todos los sectores, en todo momento, y no solo en este tiempo tan cr\u00edtico.<\/p>\n\n\n\n<p><strong>Ante esta situaci\u00f3n particular, el D\u00eda de la Salud Universal 2020 que se festej\u00f3 el pasado 12 de Diciembre constituye una nueva oportunidad para seguir enfatizando sobre la importancia de asegurar que todas las personas, en todas partes, tengan acceso a servicios de salud de calidad, cuando y donde lo necesiten, sin exponerlos a dificultades econ\u00f3micas y con intervenciones que les permitan tener una vida sana para su desarrollo y bienestar humano.<\/strong><\/p>\n\n\n\n<p><strong>Para lograrlo, hoy m\u00e1s que nunca es fundamental sostener el compromiso con la salud p\u00fablica de calidad.<\/strong> Por tal motivo, la Organizaci\u00f3n Panamericana de la Salud\/ Organizaci\u00f3n Mundial de la Salud (OPS\/OMS) ha estado trabajando junto a los pa\u00edses miembros en actualizar y adecuar las funciones esenciales de salud p\u00fablica (FESP) a las nuevas demandas de este tiempo. Dichas funciones son un conjunto de acciones y capacidades destinadas a proteger y mejorar la salud de toda la poblaci\u00f3n. Surgieron del consenso de los pa\u00edses de la regi\u00f3n de las Am\u00e9ricas en el a\u00f1o 2000, a partir de una iniciativa que los convoc\u00f3 en torno a la construcci\u00f3n de un concepto com\u00fan de salud p\u00fablica, sus funciones b\u00e1sicas y un m\u00e9todo para evaluarlas y fortalecerlas. Con posterioridad muchos pa\u00edses actualizaron las mediciones a nivel nacional o territorial, incluyendo a la Argentina entre ellos.<\/p>\n\n\n\n<p>Estas estrategias han tenido gran relevancia frente a las reformas sectoriales que, hacia fines del siglo veinte, redujeron el rol rector en salud de los estados. Dichos procesos de transformaci\u00f3n se caracterizaron por limitarse a la expansi\u00f3n de mecanismos de aseguramiento y financiamiento de los servicios de salud, consecuentemente, debilitando las funciones de salud p\u00fablica.<\/p>\n\n\n\n<p>En estos \u00faltimos 20 a\u00f1os las funciones esenciales de salud p\u00fablica han sido un componente fundamental de la agenda regional para apoyar el fortalecimiento de la capacidad de los estados en tres \u00e1reas: la mejora de la pr\u00e1ctica de la salud p\u00fablica con foco en la atenci\u00f3n primaria; el desarrollo de las capacidades en infraestructura en salud p\u00fablica, y; el fortalecimiento del rol rector de la autoridad sanitaria nacional.<\/p>\n\n\n\n<p>Despu\u00e9s de dos d\u00e9cadas de esta l\u00ednea de trabajo, nuevas condiciones econ\u00f3micas, sociales, pol\u00edticas y epidemiol\u00f3gicas justifican la necesidad de actualizar algunas dimensiones conceptuales del abordaje de las FESP, como as\u00ed tambi\u00e9n su aplicaci\u00f3n metodol\u00f3gica y pr\u00e1ctica. Todo este esfuerzo regional se est\u00e1 plasmando en una serie de lineamientos que recuperan, reconceptualizan y fortalecen su implementaci\u00f3n, considerando las nuevas condiciones de salud de la poblaci\u00f3n y sus determinantes sociales.<\/p>\n\n\n\n<p><strong>Reforzar y renovar estas funciones esenciales de salud p\u00fablica de cara a los nuevos desaf\u00edos es una forma de avanzar hacia el fortalecimiento de los sistemas de salud que propicien el acceso universal, oportuno y efectivo de la poblaci\u00f3n. Porque hoy, m\u00e1s que nunca, se nos impone proteger la salud de todas las personas sin ning\u00fan tipo de distinci\u00f3n. Solo as\u00ed ser\u00e1 posible un futuro m\u00e1s seguro, solidario, saludable y accesible.<\/strong><\/p>\n","protected":false},"excerpt":{"rendered":"<p>La cobertura universal de salud se ha incluido en los nuevos Objetivos de Desarrollo Sostenible adoptados por las Naciones Unidas. Al respecto opin\u00f3 Enrique P\u00e9rez Guti\u00e9rrez, representante en Argentina de la Organizaci\u00f3n Panamericana de la Salud\/Organizaci\u00f3n Mundial de la Salud (OPS\/OMS). El desaf\u00edo global impuesto por la pandemia de Covid 19 durante este a\u00f1o, requiere [&hellip;]<\/p>\n","protected":false},"author":2,"featured_media":782,"comment_status":"closed","ping_status":"open","sticky":false,"template":"","format":"standard","meta":{"footnotes":""},"categories":[5,8,17],"tags":[109,125,321,324],"class_list":["post-781","post","type-post","status-publish","format-standard","has-post-thumbnail","hentry","category-el-trabajo-en-la-salud","category-nacional","category-vida-saludable","tag-covid-19","tag-dia-de-la-salud-universal","tag-salud-publica","tag-salud-universal"],"_links":{"self":[{"href":"https:\/\/noticias.saludtv.com.ar\/index.php?rest_route=\/wp\/v2\/posts\/781","targetHints":{"allow":["GET"]}}],"collection":[{"href":"https:\/\/noticias.saludtv.com.ar\/index.php?rest_route=\/wp\/v2\/posts"}],"about":[{"href":"https:\/\/noticias.saludtv.com.ar\/index.php?rest_route=\/wp\/v2\/types\/post"}],"author":[{"embeddable":true,"href":"https:\/\/noticias.saludtv.com.ar\/index.php?rest_route=\/wp\/v2\/users\/2"}],"replies":[{"embeddable":true,"href":"https:\/\/noticias.saludtv.com.ar\/index.php?rest_route=%2Fwp%2Fv2%2Fcomments&post=781"}],"version-history":[{"count":0,"href":"https:\/\/noticias.saludtv.com.ar\/index.php?rest_route=\/wp\/v2\/posts\/781\/revisions"}],"wp:featuredmedia":[{"embeddable":true,"href":"https:\/\/noticias.saludtv.com.ar\/index.php?rest_route=\/"}],"wp:attachment":[{"href":"https:\/\/noticias.saludtv.com.ar\/index.php?rest_route=%2Fwp%2Fv2%2Fmedia&parent=781"}],"wp:term":[{"taxonomy":"category","embeddable":true,"href":"https:\/\/noticias.saludtv.com.ar\/index.php?rest_route=%2Fwp%2Fv2%2Fcategories&post=781"},{"taxonomy":"post_tag","embeddable":true,"href":"https:\/\/noticias.saludtv.com.ar\/index.php?rest_route=%2Fwp%2Fv2%2Ftags&post=781"}],"curies":[{"name":"wp","href":"https:\/\/api.w.org\/{rel}","templated":true}]}}