{"id":92,"date":"2020-07-21T02:34:48","date_gmt":"2020-07-21T05:34:48","guid":{"rendered":"https:\/\/noticias.saludtv.com.ar\/?p=92"},"modified":"2020-07-21T02:34:48","modified_gmt":"2020-07-21T05:34:48","slug":"el-uso-de-los-moviles-no-altera-el-volumen-del-cerebro-de-los-adolescentes","status":"publish","type":"post","link":"https:\/\/noticias.saludtv.com.ar\/?p=92","title":{"rendered":"El uso de los m\u00f3viles no altera el volumen del cerebro de los adolescentes"},"content":{"rendered":"\n<p>Desde hace a\u00f1os se baraja la idea de que los campos electromagn\u00e9ticos de radiofrecuencia emitidos por los m\u00f3viles podr\u00edan afectar al cerebro humano y m\u00e1s a\u00fan en el caso de los adolescentes que parecen vivir pegados a sus tel\u00e9fonos mientras su cerebro a\u00fan est\u00e1 en fase de desarrollo.<\/p>\n\n\n\n<!--more-->\n\n\n\n<p>Un equipo del\u00a0<a href=\"https:\/\/www.isglobal.org\/-\/la-exposicion-a-los-dispositivos-moviles-no-se-asocia-con-alteraciones-del-volumen-del-cerebro-en-adolescentes\">Instituto de Salud Global de Barcelona (ISGlobal)<\/a>, ha estudiado por primera vez\u00a0<strong>la relaci\u00f3n entre diferentes dosis de campos electromagn\u00e9ticos de radiofrecuencia (CEM-RF) con los vol\u00famenes cerebrales de m\u00e1s de 2.500 adolescentes holandeses. Los resultados han descartado una relaci\u00f3n negativa<\/strong>\u00a0entre ambos.<\/p>\n\n\n\n<h2 class=\"wp-block-heading\">Relaci\u00f3n entre el uso de los m\u00f3viles y el cerebro adolescentes<\/h2>\n\n\n\n<p>El uso de dispositivos m\u00f3viles por parte de ni\u00f1os y ni\u00f1as lleva tiempo generando preocupaci\u00f3n por sus posibles consecuencias negativas para la salud. Una de las inquietudes es la exposici\u00f3n a los campos electromagn\u00e9ticos de radiofrecuencia (CEM-RF) emitidos por estos aparatos, ya que&nbsp;<strong>el cerebro adolescente est\u00e1 en fase de desarrollo y los menores tendr\u00e1n largos per\u00edodos de exposici\u00f3n si los usan a largo de toda su vida.<\/strong><\/p>\n\n\n\n<p>La nueva investigaci\u00f3n, publicada en la revista\u00a0<a href=\"https:\/\/www.sciencedirect.com\/science\/article\/pii\/S0160412020317633?via%3Dihub\">Environment International<\/a>, se propuso analizar alteraciones en los vol\u00famenes del cerebro con un enfoque integrador de varias fuentes de CEM-RF, que permite una evaluaci\u00f3n m\u00e1s completa de las posibles afectaciones en el cerebro adolescente.<\/p>\n\n\n\n<p><strong>El estudio se realiz\u00f3 con datos de m\u00e1s de 2.500 ni\u00f1os y ni\u00f1as de entre 9 y 12 a\u00f1os<\/strong>\u00a0de la\u00a0<a href=\"https:\/\/generationr.nl\/researchers\/\">cohorte Generation R Study de Rotterdam<\/a>\u00a0(Pa\u00edses Bajos). La madre o el padre inform\u00f3 mediante un cuestionario sobre el uso de dispositivos m\u00f3viles de su hijo o hija. Se estim\u00f3 la dosis que recibe el cerebro de diferentes fuentes de CEM-RF y se agruparon seg\u00fan tres patrones de exposici\u00f3n: llamadas telef\u00f3nicas, usos de pantalla de dispositivos m\u00f3viles y otros factores ambientales, como las antenas de telefon\u00eda m\u00f3vil. Tambi\u00e9n\u00a0<strong>se realiz\u00f3 una resonancia magn\u00e9tica a los ni\u00f1os y ni\u00f1as para conocer los vol\u00famenes de diferentes partes del cerebro.<\/strong><\/p>\n\n\n\n<p>Los resultados no mostraron alteraciones en el volumen del cerebro ni de sus l\u00f3bulos, ni tampoco al realizar llamadas telef\u00f3nicas, el mayor contribuyente a la dosis total de campos electromagn\u00e9ticos que recibe el cerebro.<\/p>\n\n\n\n<p>Los investigadores\u00a0<strong>s\u00ed hallaron un v\u00ednculo entre un menor volumen del n\u00facleo caudado<\/strong>\u00a0\u2013una parte del cerebro que interviene en la memoria y en la coordinaci\u00f3n de movimientos\u2013 y la dosis de CEM-RF de m\u00f3vil, tableta y ordenador port\u00e1til,\u00a0<strong>cuando se usaban para navegar por internet mediante conexi\u00f3n wifi<\/strong>.<\/p>\n\n\n\n<p><a href=\"https:\/\/www.linkedin.com\/in\/alba-cabr%C3%A9-riera-4022758b?originalSubdomain=es\">Alba Cabr\u00e9<\/a>, investigadora de ISGlobal y primera autora del estudio se\u00f1ala que a\u00fan no conocen el porqu\u00e9 de esta asociaci\u00f3n:<\/p>\n\n\n\n<blockquote class=\"wp-block-quote is-layout-flow wp-block-quote-is-layout-flow\"><p>&#8220;Al navegar por internet en m\u00f3viles, tabletas o port\u00e1tiles mediante wifi la exposici\u00f3n del cerebro a CEM-RF es mucho m\u00e1s baja que cuando realizamos llamadas telef\u00f3nicas, por ejemplo, por la distancia del dispositivo respecto a la cabeza. En cualquier caso, este resultado debe tomarse con much\u00edsima cautela, ya que no se puede descartar la influencia de otros factores o hallazgo casual\u201d.<\/p><\/blockquote>\n\n\n\n<p>Por su parte,&nbsp;<a href=\"https:\/\/www.upf.edu\/web\/saludpublica\/entry\/-\/-\/monica_guxens-isglobal_org\/adscripcion\/m%C3%B3nica-guxens\">M\u00f2nica Guxens<\/a>, investigadora de ISGlobal y coordinadora del estudio, se\u00f1ala que una posible explicaci\u00f3n de los resultados es la influencia de los factores sociales o individuales relacionados con ciertos usos de los dispositivos m\u00f3viles y asegura:<\/p>\n\n\n\n<blockquote class=\"wp-block-quote is-layout-flow wp-block-quote-is-layout-flow\"><p>\u201cEs necesario realizar m\u00e1s estudios sobre dispositivos de comunicaci\u00f3n m\u00f3vil y sus posibles asociaciones con el desarrollo del cerebro, independientemente de si la relaci\u00f3n se debe a la exposici\u00f3n a CEM-RF u otros factores relacionados con su uso\u201d.<\/p><\/blockquote>\n\n\n\n<p>&#8220;No se puede descartar que la manera de usar los dispositivos m\u00f3viles pueda relacionarse con alteraciones cerebrales\u201d<\/p>\n","protected":false},"excerpt":{"rendered":"<p>Desde hace a\u00f1os se baraja la idea de que los campos electromagn\u00e9ticos de radiofrecuencia emitidos por los m\u00f3viles podr\u00edan afectar al cerebro humano y m\u00e1s a\u00fan en el caso de los adolescentes que parecen vivir pegados a sus tel\u00e9fonos mientras su cerebro a\u00fan est\u00e1 en fase de desarrollo.<\/p>\n","protected":false},"author":2,"featured_media":93,"comment_status":"closed","ping_status":"open","sticky":false,"template":"","format":"standard","meta":{"footnotes":""},"categories":[12],"tags":[],"class_list":["post-92","post","type-post","status-publish","format-standard","has-post-thumbnail","hentry","category-salud-del-nino"],"_links":{"self":[{"href":"https:\/\/noticias.saludtv.com.ar\/index.php?rest_route=\/wp\/v2\/posts\/92","targetHints":{"allow":["GET"]}}],"collection":[{"href":"https:\/\/noticias.saludtv.com.ar\/index.php?rest_route=\/wp\/v2\/posts"}],"about":[{"href":"https:\/\/noticias.saludtv.com.ar\/index.php?rest_route=\/wp\/v2\/types\/post"}],"author":[{"embeddable":true,"href":"https:\/\/noticias.saludtv.com.ar\/index.php?rest_route=\/wp\/v2\/users\/2"}],"replies":[{"embeddable":true,"href":"https:\/\/noticias.saludtv.com.ar\/index.php?rest_route=%2Fwp%2Fv2%2Fcomments&post=92"}],"version-history":[{"count":0,"href":"https:\/\/noticias.saludtv.com.ar\/index.php?rest_route=\/wp\/v2\/posts\/92\/revisions"}],"wp:featuredmedia":[{"embeddable":true,"href":"https:\/\/noticias.saludtv.com.ar\/index.php?rest_route=\/"}],"wp:attachment":[{"href":"https:\/\/noticias.saludtv.com.ar\/index.php?rest_route=%2Fwp%2Fv2%2Fmedia&parent=92"}],"wp:term":[{"taxonomy":"category","embeddable":true,"href":"https:\/\/noticias.saludtv.com.ar\/index.php?rest_route=%2Fwp%2Fv2%2Fcategories&post=92"},{"taxonomy":"post_tag","embeddable":true,"href":"https:\/\/noticias.saludtv.com.ar\/index.php?rest_route=%2Fwp%2Fv2%2Ftags&post=92"}],"curies":[{"name":"wp","href":"https:\/\/api.w.org\/{rel}","templated":true}]}}